{"id":154253,"date":"2022-08-05T08:01:00","date_gmt":"2022-08-05T12:01:00","guid":{"rendered":"https:\/\/linitiative.ca\/International\/le-passe-eclaire-le-present-le-regne-du-dollar\/"},"modified":"2022-08-05T08:01:00","modified_gmt":"2022-08-05T12:01:00","slug":"le-passe-eclaire-le-present-le-regne-du-dollar","status":"publish","type":"post","link":"https:\/\/linitiative.ca\/International\/le-passe-eclaire-le-present-le-regne-du-dollar\/","title":{"rendered":"Le pass\u00e9 \u00e9claire le pr\u00e9sent : Le r\u00e8gne du dollar*"},"content":{"rendered":"<div><img decoding=\"async\" src=\"https:\/\/linitiative.ca\/International\/wp-content\/uploads\/sites\/23\/2022\/08\/1659697773_article.jpg\" alt=\"Le pass\u00e9 \u00e9claire le pr\u00e9sent : Le r\u00e8gne du dollar*\" align=\"left\">Par A\u00efssa Baccouche &#8211; Dans son discours prononc\u00e9 devant la derni\u00e8re assembl\u00e9e g\u00e9n\u00e9rale du Fonds Mon\u00e9taire International (Washington, 25-29 septembre 1972), le Pr\u00e9sident Nixon rappelait que la racine grecque du mot \u00ab\u00e9conomie\u00bb signifiait \u00ables lois de la maison\u00bb. Et il ajoutait \u00abcette maison o\u00f9 nous vivons &#8211; cette communaut\u00e9 de nations &#8211; a besoin de bien meilleures lois qui nous permettent \u00e0 l&rsquo;avenir de diriger nos affaires \u00e9conomiques\u00bb. Ces bonnes paroles tranchent de toute \u00e9vidence avec le ton aigre &#8211; doux adopt\u00e9 jusqu&rsquo;ici par les dirigeants am\u00e9ricains depuis la fin de la deuxi\u00e8me guerre mondiale c&rsquo;est-\u00e0-dire aussi longtemps que la loi du plus fort &#8211; en l&rsquo;occurrence &#8230;<\/p>\n<\/div>\n<p>Auteur:<br \/>\n<a href=\"https:\/\/www.leaders.com.tn\/article\/33679-le-passe-eclaire-le-present-le-regne-du-dollar\">Cliquez ici pour lire l&rsquo;article depuis sa source.<\/a><\/p>\n","protected":false},"excerpt":{"rendered":"<p>Par A\u00efssa Baccouche &#8211; Dans son discours prononc\u00e9 devant la derni\u00e8re assembl\u00e9e g\u00e9n\u00e9rale du Fonds Mon\u00e9taire International (Washington, 25-29 septembre 1972), le Pr\u00e9sident Nixon rappelait que la racine grecque du mot \u00ab\u00e9conomie\u00bb signifiait \u00ables lois de la maison\u00bb. Et il ajoutait \u00abcette maison o\u00f9 nous vivons &#8211; cette communaut\u00e9 de nations &#8211; a besoin de [&hellip;]<\/p>\n","protected":false},"author":1772,"featured_media":0,"comment_status":"closed","ping_status":"closed","sticky":false,"template":"","format":"standard","meta":{"fifu_image_url":"http:\/\/www.leaders.com.tn\/uploads\/content\/thumbnails_small\/1659697773_article.jpg","fifu_image_alt":"Le pass\u00e9 \u00e9claire le pr\u00e9sent : Le r\u00e8gne du dollar*","footnotes":""},"categories":[73,55],"tags":[],"class_list":["post-154253","post","type-post","status-publish","format-standard","hentry","category-actualite","category-tunisie"],"_links":{"self":[{"href":"https:\/\/linitiative.ca\/International\/wp-json\/wp\/v2\/posts\/154253","targetHints":{"allow":["GET"]}}],"collection":[{"href":"https:\/\/linitiative.ca\/International\/wp-json\/wp\/v2\/posts"}],"about":[{"href":"https:\/\/linitiative.ca\/International\/wp-json\/wp\/v2\/types\/post"}],"author":[{"embeddable":true,"href":"https:\/\/linitiative.ca\/International\/wp-json\/wp\/v2\/users\/1772"}],"replies":[{"embeddable":true,"href":"https:\/\/linitiative.ca\/International\/wp-json\/wp\/v2\/comments?post=154253"}],"version-history":[{"count":0,"href":"https:\/\/linitiative.ca\/International\/wp-json\/wp\/v2\/posts\/154253\/revisions"}],"wp:attachment":[{"href":"https:\/\/linitiative.ca\/International\/wp-json\/wp\/v2\/media?parent=154253"}],"wp:term":[{"taxonomy":"category","embeddable":true,"href":"https:\/\/linitiative.ca\/International\/wp-json\/wp\/v2\/categories?post=154253"},{"taxonomy":"post_tag","embeddable":true,"href":"https:\/\/linitiative.ca\/International\/wp-json\/wp\/v2\/tags?post=154253"}],"curies":[{"name":"wp","href":"https:\/\/api.w.org\/{rel}","templated":true}]}}