{"id":154271,"date":"2022-08-05T09:48:36","date_gmt":"2022-08-05T13:48:36","guid":{"rendered":"https:\/\/linitiative.ca\/International\/fada-ngourma-un-homme-et-son-fils-meurent-par-noyade\/"},"modified":"2022-08-05T09:48:36","modified_gmt":"2022-08-05T13:48:36","slug":"fada-ngourma-un-homme-et-son-fils-meurent-par-noyade","status":"publish","type":"post","link":"https:\/\/linitiative.ca\/International\/fada-ngourma-un-homme-et-son-fils-meurent-par-noyade\/","title":{"rendered":"Fada N\u2019Gourma : Un homme et son fils meurent par noyade"},"content":{"rendered":"<div>\n<p>Un homme et son fils sont morts par noyade, hier jeudi 4 ao\u00fbt 2022, dans le barrage de Fada N\u2019Gourma, situ\u00e9 au secteur n\u00b07, a-t-on constat\u00e9. Le drame est survenu apr\u00e8s une pluie diluvienne qui s\u2019est abattue sur la cit\u00e9 de Yendabili, le jeudi 04 ao\u00fbt 2022, de 11heures \u00e0 18 heures.<\/p>\n<p>Des t\u00e9moins ont indiqu\u00e9 que les deux infortun\u00e9s tentaient de franchir le barrage malgr\u00e9 une mont\u00e9e fulgurante de l\u2019eau qui avait compl\u00e8tement \u00ab\u00a0aval\u00e9\u00a0\u00bb le pont.<\/p>\n<p>Le p\u00e8re, un vendeur de c\u00e9r\u00e9ales, semble-t-il, aurait pris un grand risque en installant son fils \u00e0 l\u2019avant de la moto. Chose qui a d\u00e9s\u00e9quilibr\u00e9 l\u2019engin et provoqu\u00e9 le drame.<\/p>\n<p><strong>Sidwaya.info<\/strong><\/p>\n<\/div>\n<p>Auteur: Wamini SIDWAYA<br \/>\n<a href=\"https:\/\/www.sidwaya.info\/blog\/2022\/08\/05\/fada-ngourma-un-homme-et-son-fils-meurent-par-noyade\/\">Cliquez ici pour lire l&rsquo;article depuis sa source.<\/a><\/p>\n","protected":false},"excerpt":{"rendered":"<p>Un homme et son fils sont morts par noyade, hier jeudi 4 ao\u00fbt 2022, dans le barrage de Fada N\u2019Gourma, situ\u00e9 au secteur n\u00b07, a-t-on constat\u00e9. Le drame est survenu apr\u00e8s une pluie diluvienne qui s\u2019est abattue sur la cit\u00e9 de Yendabili, le jeudi 04 ao\u00fbt 2022, de 11heures \u00e0 18 heures. Des t\u00e9moins ont [&hellip;]<\/p>\n","protected":false},"author":1816,"featured_media":0,"comment_status":"closed","ping_status":"closed","sticky":false,"template":"","format":"standard","meta":{"fifu_image_url":"","fifu_image_alt":"","footnotes":""},"categories":[73,81],"tags":[],"class_list":["post-154271","post","type-post","status-publish","format-standard","hentry","category-actualite","category-burkina-faso"],"_links":{"self":[{"href":"https:\/\/linitiative.ca\/International\/wp-json\/wp\/v2\/posts\/154271","targetHints":{"allow":["GET"]}}],"collection":[{"href":"https:\/\/linitiative.ca\/International\/wp-json\/wp\/v2\/posts"}],"about":[{"href":"https:\/\/linitiative.ca\/International\/wp-json\/wp\/v2\/types\/post"}],"author":[{"embeddable":true,"href":"https:\/\/linitiative.ca\/International\/wp-json\/wp\/v2\/users\/1816"}],"replies":[{"embeddable":true,"href":"https:\/\/linitiative.ca\/International\/wp-json\/wp\/v2\/comments?post=154271"}],"version-history":[{"count":0,"href":"https:\/\/linitiative.ca\/International\/wp-json\/wp\/v2\/posts\/154271\/revisions"}],"wp:attachment":[{"href":"https:\/\/linitiative.ca\/International\/wp-json\/wp\/v2\/media?parent=154271"}],"wp:term":[{"taxonomy":"category","embeddable":true,"href":"https:\/\/linitiative.ca\/International\/wp-json\/wp\/v2\/categories?post=154271"},{"taxonomy":"post_tag","embeddable":true,"href":"https:\/\/linitiative.ca\/International\/wp-json\/wp\/v2\/tags?post=154271"}],"curies":[{"name":"wp","href":"https:\/\/api.w.org\/{rel}","templated":true}]}}