{"id":154272,"date":"2022-08-05T08:18:03","date_gmt":"2022-08-05T12:18:03","guid":{"rendered":"https:\/\/linitiative.ca\/International\/mali-la-cedeao-lua-et-lonu-pour-la-liberation-des-49-soldats-ivoiriens\/"},"modified":"2022-08-05T08:18:03","modified_gmt":"2022-08-05T12:18:03","slug":"mali-la-cedeao-lua-et-lonu-pour-la-liberation-des-49-soldats-ivoiriens","status":"publish","type":"post","link":"https:\/\/linitiative.ca\/International\/mali-la-cedeao-lua-et-lonu-pour-la-liberation-des-49-soldats-ivoiriens\/","title":{"rendered":"Mali : la Cedeao, l\u2019UA et l\u2019Onu pour la lib\u00e9ration des 49 soldats ivoiriens"},"content":{"rendered":"<div>\n<p><img decoding=\"async\" width=\"1000\" height=\"814\" src=\"https:\/\/linitiative.ca\/International\/wp-content\/uploads\/sites\/23\/2022\/08\/16597018846860.jpg\" class=\"attachment-post-thumbnail size-post-thumbnail wp-post-image\" alt=\"\" loading=\"lazy\" srcset=\"https:\/\/linitiative.ca\/International\/wp-content\/uploads\/sites\/23\/2022\/08\/16597018846860.jpg 1000w, https:\/\/www.journalducameroun.com\/wp-content\/uploads\/2022\/08\/16597018846860-300x244.jpg 300w, https:\/\/www.journalducameroun.com\/wp-content\/uploads\/2022\/08\/16597018846860-768x625.jpg 768w, https:\/\/www.journalducameroun.com\/wp-content\/uploads\/2022\/08\/16597018846860-541x440.jpg 541w, https:\/\/www.journalducameroun.com\/wp-content\/uploads\/2022\/08\/16597018846860-600x488.jpg 600w\" sizes=\"auto, (max-width: 1000px) 100vw, 1000px\"><\/p>\n<p>La Cedeao, l&rsquo;Union africaine (UA) et l&rsquo;Organisation des Nations Unies (ONU) sont impliqu\u00e9es pour la lib\u00e9ration des 49 militaires ivoiriens au Mali, indique une note du Conseil national de la s\u00e9curit\u00e9 de C\u00f4te d&rsquo;Ivoire (CNS), tenu jeudi.Le chef de l&rsquo;Etat ivoirien, Alassane Ouattara a remerci\u00e9 lors du Conseil national de s\u00e9curit\u00e9, M. Umaro Sissoco Embalo, pr\u00e9sident de la Guin\u00e9e-Bissau et pr\u00e9sident en exercice de la Conf\u00e9rence des chefs d&rsquo;\u00c9tat et de gouvernement de la Cedeao.<\/p>\n<p>Il a \u00e9galement remerci\u00e9 M. Macky Sall, pr\u00e9sident du S\u00e9n\u00e9gal et pr\u00e9sident en exercice de l&rsquo;Union Africaine, ainsi que Mme Amina Mohammed, vice-secr\u00e9taire g\u00e9n\u00e9rale des Nations Unies, pour leur \u00ab\u00a0solidarit\u00e9 et leur implication en vue de la lib\u00e9ration des militaires ivoiriens\u00a0\u00bb.<\/p>\n<p>Le CNS a entendu une communication du ministre ivoirien en charge de la D\u00e9fense sur la d\u00e9tention, depuis le dimanche 10 juillet 2022, de 49 militaires ivoiriens au Mali, en particulier, qu&rsquo;apr\u00e8s plusieurs refus des autorit\u00e9s maliennes, le Charg\u00e9 d&rsquo;Affaires et l&rsquo;Attach\u00e9 militaire de l&rsquo;ambassade de C\u00f4te d&rsquo;Ivoire au Mali ont finalement pu rencontrer les 49 soldats.<\/p>\n<p>Selon le texte, ces derniers, comme de vaillants militaires, ont le moral au beau fixe et supportent, avec courage, leurs conditions de d\u00e9tention. Le CNS d\u00e9plore le fait que les autorit\u00e9s de la transition du Mali continuent de d\u00e9tenir ces soldats, de fa\u00e7on arbitraire, en d\u00e9pit de toutes les explications et preuves fournies.<\/p>\n<p>Le pr\u00e9sident ivoirien exprime, par ailleurs, ses vifs remerciements au pr\u00e9sident du Togo M. Faure Gnassingb\u00e9, pour sa m\u00e9diation et pour toutes les initiatives qu&rsquo;il entreprend, en vue d&rsquo;une r\u00e9solution diplomatique de ce malentendu entre la C\u00f4te d&rsquo;Ivoire et le Mali.<\/p>\n<p>Le pr\u00e9sident de la R\u00e9publique de C\u00f4te d&rsquo;Ivoire a exprim\u00e9 \u00e0 nouveau, sa solidarit\u00e9 et son soutien aux familles des d\u00e9tenus, tout en rassurant leurs familles ainsi que tout le peuple ivoirien, qu&rsquo;\u00ab il suit personnellement cette situation pour la lib\u00e9ration de (ces) vaillants soldats \u00bb.<\/p>\n<p>La C\u00f4te d&rsquo;Ivoire juge que ses 49 militaires ont \u00e9t\u00e9 \u00ab injustement \u00bb arr\u00eat\u00e9s le 10 juillet \u00e0 l&rsquo;a\u00e9roport de Bamako, accus\u00e9s par les militaires maliens au pouvoir d&rsquo;\u00eatre des \u00ab mercenaires \u00bb cherchant \u00e0 d\u00e9stabiliser leur pays.<\/p>\n<p>Cet article <a rel=\"nofollow\" href=\"https:\/\/www.journalducameroun.com\/mali-la-cedeao-lua-et-lonu-pour-la-liberation-des-49-soldats-ivoiriens\/\">Mali : la Cedeao, l\u2019UA et l\u2019Onu pour la lib\u00e9ration des 49 soldats ivoiriens<\/a> est apparu en premier sur <a rel=\"nofollow\" href=\"https:\/\/www.journalducameroun.com\/\">Journal du Cameroun<\/a>.<\/p>\n<\/div>\n<p>Auteur: APA News<br \/>\n<a href=\"https:\/\/www.journalducameroun.com\/mali-la-cedeao-lua-et-lonu-pour-la-liberation-des-49-soldats-ivoiriens\/\">Cliquez ici pour lire l&rsquo;article depuis sa source.<\/a><\/p>\n","protected":false},"excerpt":{"rendered":"<p>La Cedeao, l&rsquo;Union africaine (UA) et l&rsquo;Organisation des Nations Unies (ONU) sont impliqu\u00e9es pour la lib\u00e9ration des 49 militaires ivoiriens au Mali, indique une note du Conseil national de la s\u00e9curit\u00e9 de C\u00f4te d&rsquo;Ivoire (CNS), tenu jeudi.Le chef de l&rsquo;Etat ivoirien, Alassane Ouattara a remerci\u00e9 lors du Conseil national de s\u00e9curit\u00e9, M. Umaro Sissoco Embalo, [&hellip;]<\/p>\n","protected":false},"author":1965,"featured_media":0,"comment_status":"closed","ping_status":"closed","sticky":false,"template":"","format":"standard","meta":{"fifu_image_url":"https:\/\/www.journalducameroun.com\/wp-content\/uploads\/2022\/08\/16597018846860.jpg","fifu_image_alt":"Mali : la Cedeao, l\u2019UA et l\u2019Onu pour la lib\u00e9ration des 49 soldats ivoiriens","footnotes":""},"categories":[73,82],"tags":[],"class_list":["post-154272","post","type-post","status-publish","format-standard","hentry","category-actualite","category-cameroun"],"_links":{"self":[{"href":"https:\/\/linitiative.ca\/International\/wp-json\/wp\/v2\/posts\/154272","targetHints":{"allow":["GET"]}}],"collection":[{"href":"https:\/\/linitiative.ca\/International\/wp-json\/wp\/v2\/posts"}],"about":[{"href":"https:\/\/linitiative.ca\/International\/wp-json\/wp\/v2\/types\/post"}],"author":[{"embeddable":true,"href":"https:\/\/linitiative.ca\/International\/wp-json\/wp\/v2\/users\/1965"}],"replies":[{"embeddable":true,"href":"https:\/\/linitiative.ca\/International\/wp-json\/wp\/v2\/comments?post=154272"}],"version-history":[{"count":0,"href":"https:\/\/linitiative.ca\/International\/wp-json\/wp\/v2\/posts\/154272\/revisions"}],"wp:attachment":[{"href":"https:\/\/linitiative.ca\/International\/wp-json\/wp\/v2\/media?parent=154272"}],"wp:term":[{"taxonomy":"category","embeddable":true,"href":"https:\/\/linitiative.ca\/International\/wp-json\/wp\/v2\/categories?post=154272"},{"taxonomy":"post_tag","embeddable":true,"href":"https:\/\/linitiative.ca\/International\/wp-json\/wp\/v2\/tags?post=154272"}],"curies":[{"name":"wp","href":"https:\/\/api.w.org\/{rel}","templated":true}]}}