{"id":154274,"date":"2022-08-05T08:18:04","date_gmt":"2022-08-05T12:18:04","guid":{"rendered":"https:\/\/linitiative.ca\/International\/en-paix-avec-les-rebelles-du-sud-le-senegal-presente-ses-nouveaux-deputes\/"},"modified":"2022-08-05T08:18:04","modified_gmt":"2022-08-05T12:18:04","slug":"en-paix-avec-les-rebelles-du-sud-le-senegal-presente-ses-nouveaux-deputes","status":"publish","type":"post","link":"https:\/\/linitiative.ca\/International\/en-paix-avec-les-rebelles-du-sud-le-senegal-presente-ses-nouveaux-deputes\/","title":{"rendered":"En paix avec les rebelles du sud, le S\u00e9n\u00e9gal pr\u00e9sente ses nouveaux d\u00e9put\u00e9s"},"content":{"rendered":"<div>\n<p><img decoding=\"async\" width=\"747\" height=\"433\" src=\"https:\/\/linitiative.ca\/International\/wp-content\/uploads\/sites\/23\/2022\/08\/16597018847592.jpg\" class=\"attachment-post-thumbnail size-post-thumbnail wp-post-image\" alt=\"\" loading=\"lazy\" srcset=\"https:\/\/linitiative.ca\/International\/wp-content\/uploads\/sites\/23\/2022\/08\/16597018847592.jpg 747w, https:\/\/www.journalducameroun.com\/wp-content\/uploads\/2022\/08\/16597018847592-300x174.jpg 300w, https:\/\/www.journalducameroun.com\/wp-content\/uploads\/2022\/08\/16597018847592-600x348.jpg 600w\" sizes=\"auto, (max-width: 747px) 100vw, 747px\"><\/p>\n<p>Les quotidiens s\u00e9n\u00e9galais parvenus vendredi \u00e0 APA titrent principalement sur deux sujets : l&rsquo;accord de paix conclu entre l&rsquo;Etat du S\u00e9n\u00e9gal et les rebelles casaman\u00e7ais et les r\u00e9sultats des \u00e9lections l\u00e9gislatives du 31 juillet dernier proclam\u00e9s par la justice.L&rsquo;AS\u00a0se fait l&rsquo;\u00e9cho de \u00ab\u00a0l&rsquo;accord historique entre l&rsquo;Etat du S\u00e9n\u00e9gal et les rebelles\u00a0\u00bb du Mouvement des forces d\u00e9mocratiques de Casamance (MFDC), une r\u00e9bellion implant\u00e9e au sud du pays depuis plus de quarante ans. Il s&rsquo;agit d&rsquo;un \u00ab\u00a0accord de paix et de d\u00e9p\u00f4t des armes\u00a0\u00bb sign\u00e9 hier \u00e0 Bissau, la capitale de la Guin\u00e9e-Bissau voisine, pr\u00e9cise Sud Quotidien. \u00ab\u00a0Le MFDC d\u00e9pose les armes\u00a0\u00bb, note dans ce sens L&rsquo;AS l\u00e0 o\u00f9 Les Echos indiquent que cet accord de paix est \u00ab\u00a0un pas de g\u00e9ant pour le retour d\u00e9finitif de la paix en Casamance\u00a0\u00bb.<\/p>\n<p>Si l&rsquo;Amiral Papa Farba Sarr est \u00ab\u00a0le n\u00e9gociateur\u00a0\u00bb, le pr\u00e9sident bissau-guin\u00e9en Umaro Sissoco Embalo et le centre Henry Dunant ont \u00e9t\u00e9 \u00ab\u00a0au c\u0153ur des n\u00e9gociations\u00a0\u00bb. Cela fait dire \u00e0 B\u00e9s Bi que \u00ab\u00a0Embalo d\u00e9mine le Macky\u00a0\u00bb, pour parler du maquis. Le journal indique que C\u00e9sar Atoute Badiate, l&rsquo;un des chefs de la faction arm\u00e9e du MFDC, \u00e9tait \u00ab\u00a0\u00e0 la t\u00eate de la d\u00e9l\u00e9gation, pr\u00eat \u00e0 d\u00e9poser les armes\u00a0\u00bb. \u00ab\u00a0Drapeau blanc en Casamance\u00a0\u00bb, note \u00e0 son tour Walf Quotidien qui rappelle que \u00ab\u00a0Embalo est au c\u0153ur de ce nouvel accord\u00a0\u00bb.<\/p>\n<p>Sur un autre sujet, les journaux abordent les r\u00e9sultats provisoires des \u00e9lections l\u00e9gislatives proclam\u00e9s hier par la Commission nationale de recensement des votes (CNRV). Walf Quotidien et Le T\u00e9moin notent \u00e0 ce sujet que la coalition pr\u00e9sidentielle Benno Bokk Yakaar (BBY, unis pour un m\u00eame espoir) \u00ab\u00a0gagne et perd la majorit\u00e9\u00a0\u00bb \u00e0 l&rsquo;Assembl\u00e9e nationale. Elle a obtenu 82 d\u00e9put\u00e9s contre 56 pour Yewwi Askan Wi (YAW, lib\u00e9rer le peuple) et 24 pour Wallu (sauver) S\u00e9n\u00e9gal, deux coalitions de l&rsquo;opposition compos\u00e9es de Ousmane Sonko, Khalifa Sall, Abdoulaye Wade et Cie et qui sont all\u00e9es dans ces \u00e9lections en inter-coalition.<\/p>\n<p>Les trois si\u00e8ges restants, gagn\u00e9s au plus fort reste, sont all\u00e9s au journaliste Pape Djibril Fall et \u00e0 Thierno Alassane Sall et Pape Diop, respectivement ancien ministre de l&rsquo;Energie de Macky Sall et ancien dignitaire du r\u00e9gime de l&rsquo;ex-pr\u00e9sident Abdoulaye Wade. Que cela soit l&rsquo;inter-coalition Yewwi-Wallu et la coalition BBY, chacune esp\u00e8re rallier ces trois nouveaux d\u00e9put\u00e9s dans son camp pour obtenir la majorit\u00e9 absolue des 83 d\u00e9put\u00e9s. Dans ce sens, Tribune note que ces trois parlementaires entrants sont devenus des \u00ab\u00a0faiseurs de roi\u00a0courtis\u00e9s \u00bb.<\/p>\n<p>Malgr\u00e9 son r\u00e9sultat, Yewwi a \u00ab introduit un recours \u00bb, d&rsquo;apr\u00e8s Walf Quotidien qui indique que Macky Sall est \u00ab contraint de n\u00e9gocier \u00bb dans sa \u00ab qu\u00eate de majorit\u00e9 absolue \u00bb. Pour Les Echos, BBY est \u00ab \u00e0 la recherche d&rsquo;une voix \u00bb pour avoir la majorit\u00e9 absolue. Toutefois, Aminata Tour\u00e9, t\u00eate de liste de la coalition pr\u00e9sidentielle, note que \u00ab c&rsquo;est une victoire nette et sans bavure \u00bb pour BBY.<\/p>\n<p>Cet article <a rel=\"nofollow\" href=\"https:\/\/www.journalducameroun.com\/en-paix-avec-les-rebelles-du-sud-le-senegal-presente-ses-nouveaux-deputes\/\">En paix avec les rebelles du sud, le S\u00e9n\u00e9gal pr\u00e9sente ses nouveaux d\u00e9put\u00e9s<\/a> est apparu en premier sur <a rel=\"nofollow\" href=\"https:\/\/www.journalducameroun.com\/\">Journal du Cameroun<\/a>.<\/p>\n<\/div>\n<p>Auteur: APA News<br \/>\n<a href=\"https:\/\/www.journalducameroun.com\/en-paix-avec-les-rebelles-du-sud-le-senegal-presente-ses-nouveaux-deputes\/\">Cliquez ici pour lire l&rsquo;article depuis sa source.<\/a><\/p>\n","protected":false},"excerpt":{"rendered":"<p>Les quotidiens s\u00e9n\u00e9galais parvenus vendredi \u00e0 APA titrent principalement sur deux sujets : l&rsquo;accord de paix conclu entre l&rsquo;Etat du S\u00e9n\u00e9gal et les rebelles casaman\u00e7ais et les r\u00e9sultats des \u00e9lections l\u00e9gislatives du 31 juillet dernier proclam\u00e9s par la justice.L&rsquo;AS\u00a0se fait l&rsquo;\u00e9cho de \u00ab\u00a0l&rsquo;accord historique entre l&rsquo;Etat du S\u00e9n\u00e9gal et les rebelles\u00a0\u00bb du Mouvement des forces [&hellip;]<\/p>\n","protected":false},"author":1965,"featured_media":0,"comment_status":"closed","ping_status":"closed","sticky":false,"template":"","format":"standard","meta":{"fifu_image_url":"https:\/\/www.journalducameroun.com\/wp-content\/uploads\/2022\/08\/16597018847592.jpg","fifu_image_alt":"En paix avec les rebelles du sud, le S\u00e9n\u00e9gal pr\u00e9sente ses nouveaux d\u00e9put\u00e9s","footnotes":""},"categories":[73,82],"tags":[],"class_list":["post-154274","post","type-post","status-publish","format-standard","hentry","category-actualite","category-cameroun"],"_links":{"self":[{"href":"https:\/\/linitiative.ca\/International\/wp-json\/wp\/v2\/posts\/154274","targetHints":{"allow":["GET"]}}],"collection":[{"href":"https:\/\/linitiative.ca\/International\/wp-json\/wp\/v2\/posts"}],"about":[{"href":"https:\/\/linitiative.ca\/International\/wp-json\/wp\/v2\/types\/post"}],"author":[{"embeddable":true,"href":"https:\/\/linitiative.ca\/International\/wp-json\/wp\/v2\/users\/1965"}],"replies":[{"embeddable":true,"href":"https:\/\/linitiative.ca\/International\/wp-json\/wp\/v2\/comments?post=154274"}],"version-history":[{"count":0,"href":"https:\/\/linitiative.ca\/International\/wp-json\/wp\/v2\/posts\/154274\/revisions"}],"wp:attachment":[{"href":"https:\/\/linitiative.ca\/International\/wp-json\/wp\/v2\/media?parent=154274"}],"wp:term":[{"taxonomy":"category","embeddable":true,"href":"https:\/\/linitiative.ca\/International\/wp-json\/wp\/v2\/categories?post=154274"},{"taxonomy":"post_tag","embeddable":true,"href":"https:\/\/linitiative.ca\/International\/wp-json\/wp\/v2\/tags?post=154274"}],"curies":[{"name":"wp","href":"https:\/\/api.w.org\/{rel}","templated":true}]}}