{"id":154276,"date":"2022-08-05T08:55:50","date_gmt":"2022-08-05T12:55:50","guid":{"rendered":"https:\/\/linitiative.ca\/International\/cameroun-le-diocese-de-mbalmayo-celebre-les-journees-nationales-des-jeunes\/"},"modified":"2022-08-05T08:55:50","modified_gmt":"2022-08-05T12:55:50","slug":"cameroun-le-diocese-de-mbalmayo-celebre-les-journees-nationales-des-jeunes","status":"publish","type":"post","link":"https:\/\/linitiative.ca\/International\/cameroun-le-diocese-de-mbalmayo-celebre-les-journees-nationales-des-jeunes\/","title":{"rendered":"Cameroun : le dioc\u00e8se de Mbalmayo c\u00e9l\u00e8bre les journ\u00e9es nationales des jeunes"},"content":{"rendered":"<div>\n<p><img decoding=\"async\" width=\"992\" height=\"744\" src=\"https:\/\/linitiative.ca\/International\/wp-content\/uploads\/sites\/23\/2022\/08\/JOURNEE-NATIONALE-DES-JEUNES-2022.jpg\" class=\"attachment-post-thumbnail size-post-thumbnail wp-post-image\" alt=\"Les journ\u00e9es nationales des jeunes se d\u00e9roulent \u00e0 Ebolowa\" loading=\"lazy\" srcset=\"https:\/\/linitiative.ca\/International\/wp-content\/uploads\/sites\/23\/2022\/08\/JOURNEE-NATIONALE-DES-JEUNES-2022.jpg 992w, https:\/\/www.journalducameroun.com\/wp-content\/uploads\/2022\/08\/JOURNEE-NATIONALE-DES-JEUNES-2022-300x225.jpg 300w, https:\/\/www.journalducameroun.com\/wp-content\/uploads\/2022\/08\/JOURNEE-NATIONALE-DES-JEUNES-2022-768x576.jpg 768w, https:\/\/www.journalducameroun.com\/wp-content\/uploads\/2022\/08\/JOURNEE-NATIONALE-DES-JEUNES-2022-587x440.jpg 587w, https:\/\/www.journalducameroun.com\/wp-content\/uploads\/2022\/08\/JOURNEE-NATIONALE-DES-JEUNES-2022-600x450.jpg 600w\" sizes=\"auto, (max-width: 992px) 100vw, 992px\"><\/p>\n<h2 style=\"text-align: justify;\">Les \u00e9v\u00eaques de la province eccl\u00e9siastique de Yaound\u00e9, constitu\u00e9e en 7 dioc\u00e8ses parmi lesquels le dioc\u00e8se de Mbalmayo, communient avec les jeunes.<\/h2>\n<p style=\"text-align: justify;\">L\u2019\u00e9v\u00e9nement se tient en pr\u00e9lude \u00e0 la journ\u00e9e mondiale des jeunes pr\u00e9vue en 2023 en Portugal sous la pr\u00e9sidence du Pape Fran\u00e7ois. Ce mardi 2 ao\u00fbt \u00e0 la Cath\u00e9drale Notre-Dame du Rosaire de Mbalmayo, la joie est visible, l\u2019esplanade de ladite Cath\u00e9drale est en effervescence. Plus de 400 jeunes venus des dioc\u00e8ses notamment de Batouri, Bertoua, Obala, Yokaduma, Sangmelima accompagn\u00e9s de leurs p\u00e8res \u00e9v\u00eaques, c\u00e9l\u00e8brent ces journ\u00e9es nationales des jeunes sous le th\u00e8me \u00ab Marie se leva et s\u2019en alla en h\u00e2te \u00bb.<\/p>\n<p style=\"text-align: justify;\">Mgr, Marcellin-Marie Ndabnyemb \u00e9v\u00eaque de Batouri, a indiqu\u00e9 au cours de la c\u00e9l\u00e9bration eucharistie du lancement de JNJ que, les objectifs de ces journ\u00e9es est de redynamiser les jeunes dans l\u2019oeuvre de l\u2019\u00e9vang\u00e9lisation qui est commune \u00e0 tous les chr\u00e9tiens, amener ces derniers \u00e0 se socialiser, \u00e0 vivre ensemble et \u00e0 t\u00e9moigner du J\u00e9sus christ vivant, car le Cameroun a besoin de cette unit\u00e9 fond\u00e9e sur le Christ pour que tous ensemble, nous regardions dans la m\u00eame direction.<\/p>\n<p style=\"text-align: justify;\">Mgr Joseph-Marie Ndi-Okalla a dans son adresse aux jeunes, remerci\u00e9 ses p\u00e8res \u00e9v\u00eaques de la Conf\u00e9rence \u00e9piscopale nationale du <em><strong>Cameroun<\/strong><\/em> (CENC), d\u2019avoir choisi et investi le p\u00f4le Mbalamayo pour accueillir l\u2019\u00e9dition 2022 des journ\u00e9es nationales des jeunes.<\/p>\n<figure id=\"attachment_415048\" aria-describedby=\"caption-attachment-415048\" style=\"width: 300px\" class=\"wp-caption alignnone\"><img loading=\"lazy\" decoding=\"async\" class=\"size-medium wp-image-415048\" src=\"https:\/\/linitiative.ca\/International\/wp-content\/uploads\/sites\/23\/2022\/08\/JOURNEE-NATIONALE-DES-JEUNES-300x199-1.jpg\" alt=\"Les jeunes r\u00e9unies \u00e0 Mbalmayo \" width=\"300\" height=\"199\"><figcaption id=\"caption-attachment-415048\" class=\"wp-caption-text\">Les \u00e9v\u00eaques<\/figcaption><\/figure>\n<p style=\"text-align: justify;\">\u00ab\u00a0<em>En ce jour de lancement des activit\u00e9s de JNJ, plus de 400 jeunes venus de diff\u00e9rents horizons, apprennent \u00e0 se rencontrer. A prier ensemble et \u00e0 \u00e9couter la parole de Dieu ensemble au nom de leur foi pour apporter leur contribution dans la soci\u00e9t\u00e9 par la foi et par l\u2019\u00e9ducation. A participer \u00e0 l\u2019\u00e9dification du Cameroun. Car le d\u00e9fi de paix de justice\u00a0 sociale, de coh\u00e9sion et de vivre ensemble s\u2019impose \u00e0 notre pays<\/em>\u00bb\u00a0 a dit l\u2019\u00c9v\u00eaque de Mbalmayo.<\/p>\n<p style=\"text-align: justify;\">Et d\u2019ajouter, \u00ab\u00a0<em> ces journ\u00e9es, consistent \u00e0 enraciner les jeunes dans la foi, dans l\u2019esp\u00e9rance et dans le projet de bonheur de Dieu \u00a0\u00a0qui veut que toute personne humaine soit sauv\u00e9e\u00a0<\/em>\u00bb.<\/p>\n<p style=\"text-align: justify;\">Justine Ga\u00eblle Ngono venue du dioc\u00e8se d\u2019Obala, n\u2019a pas cach\u00e9 sa joie\u00a0: \u00ab\u00a0J\u2019ai aim\u00e9 l\u2019accueil r\u00e9serv\u00e9 aux jeunes venus pour ces JNJ \u00a0\u00e0 Mbalmayo et la pr\u00e9dication de Mgr Joseph \u2013Marie Ndi-Okalla\u00a0 surtout l\u2019ambiance, c\u2019est comme une f\u00eate\u00bb.<\/p>\n<p style=\"text-align: justify;\">Rappelons tout de m\u00eame que, la derni\u00e8re \u00e9dition des JNJ s\u2019est d\u00e9roul\u00e9e \u00e0 Garoua dans la r\u00e9gion du Nord.<\/p>\n<p style=\"text-align: justify;\">\n<p>Cet article <a rel=\"nofollow\" href=\"https:\/\/www.journalducameroun.com\/cameroun-le-diocese-de-mbalmayo-celebre-les-journees-nationales-des-jeunes\/\">Cameroun : le dioc\u00e8se de Mbalmayo c\u00e9l\u00e8bre les journ\u00e9es nationales des jeunes<\/a> est apparu en premier sur <a rel=\"nofollow\" href=\"https:\/\/www.journalducameroun.com\/\">Journal du Cameroun<\/a>.<\/p>\n<\/div>\n<p>Auteur: Arnaud MAWEL<br \/>\n<a href=\"https:\/\/www.journalducameroun.com\/cameroun-le-diocese-de-mbalmayo-celebre-les-journees-nationales-des-jeunes\/\">Cliquez ici pour lire l&rsquo;article depuis sa source.<\/a><\/p>\n","protected":false},"excerpt":{"rendered":"<p>Les \u00e9v\u00eaques de la province eccl\u00e9siastique de Yaound\u00e9, constitu\u00e9e en 7 dioc\u00e8ses parmi lesquels le dioc\u00e8se de Mbalmayo, communient avec les jeunes. L\u2019\u00e9v\u00e9nement se tient en pr\u00e9lude \u00e0 la journ\u00e9e mondiale des jeunes pr\u00e9vue en 2023 en Portugal sous la pr\u00e9sidence du Pape Fran\u00e7ois. Ce mardi 2 ao\u00fbt \u00e0 la Cath\u00e9drale Notre-Dame du Rosaire de [&hellip;]<\/p>\n","protected":false},"author":1965,"featured_media":0,"comment_status":"closed","ping_status":"closed","sticky":false,"template":"","format":"standard","meta":{"fifu_image_url":"https:\/\/www.journalducameroun.com\/wp-content\/uploads\/2022\/08\/JOURNEE-NATIONALE-DES-JEUNES-2022.jpg","fifu_image_alt":"Cameroun : le dioc\u00e8se de Mbalmayo c\u00e9l\u00e8bre les journ\u00e9es nationales des jeunes","footnotes":""},"categories":[73,82],"tags":[],"class_list":["post-154276","post","type-post","status-publish","format-standard","hentry","category-actualite","category-cameroun"],"_links":{"self":[{"href":"https:\/\/linitiative.ca\/International\/wp-json\/wp\/v2\/posts\/154276","targetHints":{"allow":["GET"]}}],"collection":[{"href":"https:\/\/linitiative.ca\/International\/wp-json\/wp\/v2\/posts"}],"about":[{"href":"https:\/\/linitiative.ca\/International\/wp-json\/wp\/v2\/types\/post"}],"author":[{"embeddable":true,"href":"https:\/\/linitiative.ca\/International\/wp-json\/wp\/v2\/users\/1965"}],"replies":[{"embeddable":true,"href":"https:\/\/linitiative.ca\/International\/wp-json\/wp\/v2\/comments?post=154276"}],"version-history":[{"count":0,"href":"https:\/\/linitiative.ca\/International\/wp-json\/wp\/v2\/posts\/154276\/revisions"}],"wp:attachment":[{"href":"https:\/\/linitiative.ca\/International\/wp-json\/wp\/v2\/media?parent=154276"}],"wp:term":[{"taxonomy":"category","embeddable":true,"href":"https:\/\/linitiative.ca\/International\/wp-json\/wp\/v2\/categories?post=154276"},{"taxonomy":"post_tag","embeddable":true,"href":"https:\/\/linitiative.ca\/International\/wp-json\/wp\/v2\/tags?post=154276"}],"curies":[{"name":"wp","href":"https:\/\/api.w.org\/{rel}","templated":true}]}}