{"id":154279,"date":"2022-08-05T09:48:47","date_gmt":"2022-08-05T13:48:47","guid":{"rendered":"https:\/\/linitiative.ca\/International\/cameroun-camair-co-se-dote-dun-nouvel-avion-de-129-places\/"},"modified":"2022-08-05T09:48:47","modified_gmt":"2022-08-05T13:48:47","slug":"cameroun-camair-co-se-dote-dun-nouvel-avion-de-129-places","status":"publish","type":"post","link":"https:\/\/linitiative.ca\/International\/cameroun-camair-co-se-dote-dun-nouvel-avion-de-129-places\/","title":{"rendered":"Cameroun\u00a0: Camair-co se dote d\u2019un nouvel avion de 129 places"},"content":{"rendered":"<div>\n<p><img decoding=\"async\" width=\"500\" height=\"375\" src=\"https:\/\/linitiative.ca\/International\/wp-content\/uploads\/sites\/23\/2022\/08\/2802-12227-le-transporteur-aerien-camerounais-camair-co-connait-une-serie-d-aleas-avec-ses-avions-perturbant-son-programme-de-vol_L.jpg\" class=\"attachment-post-thumbnail size-post-thumbnail wp-post-image\" alt=\"\" loading=\"lazy\" srcset=\"https:\/\/linitiative.ca\/International\/wp-content\/uploads\/sites\/23\/2022\/08\/2802-12227-le-transporteur-aerien-camerounais-camair-co-connait-une-serie-d-aleas-avec-ses-avions-perturbant-son-programme-de-vol_L.jpg 500w, https:\/\/www.journalducameroun.com\/wp-content\/uploads\/2022\/08\/2802-12227-le-transporteur-aerien-camerounais-camair-co-connait-une-serie-d-aleas-avec-ses-avions-perturbant-son-programme-de-vol_L-300x225.jpg 300w\" sizes=\"auto, (max-width: 500px) 100vw, 500px\"><\/p>\n<h2 style=\"text-align: justify;\">Le nouvel oiseau de Camair-Co a foul\u00e9 le sol de Douala, capitale \u00e9conomique hier 04 ao\u00fbt 2022 en provenance d\u2019Ethiopie.<\/h2>\n<p style=\"text-align: justify;\">Apr\u00e8s des ann\u00e9es marqu\u00e9es par des difficult\u00e9s financi\u00e8res, de mauvaises performances et la limitation de ses services \u00e0 cause de la crise sanitaire, Camair-Co se dote d\u2019un nouvel avion. Il s\u2019agit du\u00a0: \u00ab\u00a0<em>The Boeing Company B373-7BD<\/em>\u00a0\u00bb du vol QC728.<\/p>\n<p style=\"text-align: justify;\">L\u2019engin a foul\u00e9 le Tarmac de l\u2019a\u00e9roport international de Douala ce jeudi 04 ao\u00fbt 2022. Dans le fond, ce nouvel avion est l\u2019un des 2 Boeing 737, propri\u00e9t\u00e9s de Camair-Co qui \u00e9tait en r\u00e9paration dans les ateliers de Ethiopian Airlines \u00e0 Addis-Abeba en \u00c9thiopie.<\/p>\n<p style=\"text-align: justify;\">N\u00e9anmoins, l\u2019avion est Flambant neuf, notamment avec de nouveaux moteurs et une Cabine totalement neuve.\u00a0 Il dispose pour le besoin de la cause de 117 places en classe \u00e9conomique et 12 en Business Class.<\/p>\n<p style=\"text-align: justify;\">Il s\u2019agit sans doute d\u2019une continuit\u00e9 dans la strat\u00e9gie de Camair-co visant \u00e0 reprendre son ascension. La compagnie avait annonc\u00e9, avant la CAN (Coupe d\u2019Afrique des Nations) le renforcement de son plan d\u2019exploitation domestique.<\/p>\n<p style=\"text-align: justify;\">La compagnie s\u2019\u00e9tait alors dot\u00e9e de deux a\u00e9ronefs de marque Bombardiers Q400 et dont des sources internes font \u00e9tat de nouvelles op\u00e9rations de leasing. Avec, un nouveau programme de vols devant permettre de mieux assurer la rotation pendant la comp\u00e9tition.<\/p>\n<p>Cet article <a rel=\"nofollow\" href=\"https:\/\/www.journalducameroun.com\/cameroun-camair-co-se-dote-dun-nouvel-avion-de-129-places\/\">Cameroun\u00a0: Camair-co se dote d\u2019un nouvel avion de 129 places<\/a> est apparu en premier sur <a rel=\"nofollow\" href=\"https:\/\/www.journalducameroun.com\/\">Journal du Cameroun<\/a>.<\/p>\n<\/div>\n<p>Auteur: Esther FOSSI<br \/>\n<a href=\"https:\/\/www.journalducameroun.com\/cameroun-camair-co-se-dote-dun-nouvel-avion-de-129-places\/\">Cliquez ici pour lire l&rsquo;article depuis sa source.<\/a><\/p>\n","protected":false},"excerpt":{"rendered":"<p>Le nouvel oiseau de Camair-Co a foul\u00e9 le sol de Douala, capitale \u00e9conomique hier 04 ao\u00fbt 2022 en provenance d\u2019Ethiopie. Apr\u00e8s des ann\u00e9es marqu\u00e9es par des difficult\u00e9s financi\u00e8res, de mauvaises performances et la limitation de ses services \u00e0 cause de la crise sanitaire, Camair-Co se dote d\u2019un nouvel avion. Il s\u2019agit du\u00a0: \u00ab\u00a0The Boeing Company [&hellip;]<\/p>\n","protected":false},"author":1965,"featured_media":0,"comment_status":"closed","ping_status":"closed","sticky":false,"template":"","format":"standard","meta":{"fifu_image_url":"https:\/\/www.journalducameroun.com\/wp-content\/uploads\/2022\/08\/2802-12227-le-transporteur-aerien-camerounais-camair-co-connait-une-serie-d-aleas-avec-ses-avions-perturbant-son-programme-de-vol_L.jpg","fifu_image_alt":"Cameroun\u00a0: Camair-co se dote d\u2019un nouvel avion de 129 places","footnotes":""},"categories":[73,82],"tags":[],"class_list":["post-154279","post","type-post","status-publish","format-standard","hentry","category-actualite","category-cameroun"],"_links":{"self":[{"href":"https:\/\/linitiative.ca\/International\/wp-json\/wp\/v2\/posts\/154279","targetHints":{"allow":["GET"]}}],"collection":[{"href":"https:\/\/linitiative.ca\/International\/wp-json\/wp\/v2\/posts"}],"about":[{"href":"https:\/\/linitiative.ca\/International\/wp-json\/wp\/v2\/types\/post"}],"author":[{"embeddable":true,"href":"https:\/\/linitiative.ca\/International\/wp-json\/wp\/v2\/users\/1965"}],"replies":[{"embeddable":true,"href":"https:\/\/linitiative.ca\/International\/wp-json\/wp\/v2\/comments?post=154279"}],"version-history":[{"count":0,"href":"https:\/\/linitiative.ca\/International\/wp-json\/wp\/v2\/posts\/154279\/revisions"}],"wp:attachment":[{"href":"https:\/\/linitiative.ca\/International\/wp-json\/wp\/v2\/media?parent=154279"}],"wp:term":[{"taxonomy":"category","embeddable":true,"href":"https:\/\/linitiative.ca\/International\/wp-json\/wp\/v2\/categories?post=154279"},{"taxonomy":"post_tag","embeddable":true,"href":"https:\/\/linitiative.ca\/International\/wp-json\/wp\/v2\/tags?post=154279"}],"curies":[{"name":"wp","href":"https:\/\/api.w.org\/{rel}","templated":true}]}}