{"id":154284,"date":"2022-08-05T13:52:23","date_gmt":"2022-08-05T17:52:23","guid":{"rendered":"https:\/\/linitiative.ca\/International\/cameroun-le-personnel-des-hopitaux-publics-annonce-un-mouvement-de-greve-le-16-aout-prochain\/"},"modified":"2022-08-05T13:52:23","modified_gmt":"2022-08-05T17:52:23","slug":"cameroun-le-personnel-des-hopitaux-publics-annonce-un-mouvement-de-greve-le-16-aout-prochain","status":"publish","type":"post","link":"https:\/\/linitiative.ca\/International\/cameroun-le-personnel-des-hopitaux-publics-annonce-un-mouvement-de-greve-le-16-aout-prochain\/","title":{"rendered":"Cameroun : le personnel des h\u00f4pitaux publics annonce un mouvement de gr\u00e8ve le 16 ao\u00fbt prochain\u00a0"},"content":{"rendered":"<div>\n<p>L\u2019avis est sign\u00e9 de Sylvain Nga Onana et de Balla Balla, respectivement Pr\u00e9sidents de Cap\/Sant\u00e9 (Syndicat national des personnels des \u00e9tablissements des entreprises du secteur de la sant\u00e9 du Cameroun) et du Synpems (Syndicat national des personnels m\u00e9dico-sanitaires du Cameroun). Il annonce un mouvement de gr\u00e8ve dans les h\u00f4pitaux publics du Cameroun \u00e0 compter du 16 ao\u00fbt 2022. L\u2019arr\u00eat de travail est motiv\u00e9 autour de 14 revendications principales, essentiellement corporatistes.<\/p>\n<p>Cap\/Sant\u00e9 et le Synpems sollicitent du gouvernement, \u00abla contractualisation ou la r\u00e9pudiation de tous les temporaires des formations sanitaires publiques\u00bb, qui d\u2019apr\u00e8s l\u2019avis, travaillent sans salaires, ni contrat et affiliation \u00e0 la Cnps. Au total, 27.000 personnes sont concern\u00e9es, soit 60% des effectifs des h\u00f4pitaux publics. L\u2019immatriculation de tous les accompagnateurs psychosociaux des formations sanitaires publiques \u00e0 la Cnps (Cdc, Pepfare, Georges Town, Cnls), la reconstitution des carri\u00e8res des ex-temporaires des h\u00f4pitaux publics, et l\u2019attribution des primes de sant\u00e9 aux cat\u00e9gories 5 \u00e0 6, l\u2019indemnit\u00e9 de logement aux personnels de sant\u00e9 de la 1\u00e8re \u00e0 la 6\u00e8me cat\u00e9gorie figurent \u00e9galement parmi les revendications pos\u00e9es par ces syndicats.<\/p>\n<p><strong>Lire aussi : <a href=\"https:\/\/ecomatin.net\/sante-publique-le-gouvernement-va-injecter-46-milliards-dans-la-mise-en-oeuvre3-dune-sante-de-proximite-au-cameroun\/\" target=\"_blank\" rel=\"noreferrer noopener\">Sant\u00e9 publique\u00a0: le gouvernement va injecter 46 milliards dans la mise en \u0153uvre d\u2019une sant\u00e9 de proximit\u00e9 au Cameroun<\/a><\/strong><\/p>\n<p>Sylvain Nga Onana et Balla Balla exigent par ailleurs, la r\u00e9vision du D\u00e9cret de 1980 sur les \u00e9coles de formations, du statut particulier 2001 des corps des fonctionnaires de la sant\u00e9 publique avec introduction des nouveaux corps, l\u2019harmonisation des salaires indiciaire et cat\u00e9goriel ou le reversement des contractuels dans les corps des fonctionnaires, la fixation des salaires des temporaires \u00e0 75.000 FCFA (1-6\u00e8me cat\u00e9gorie), 95.000 FCFA (7-12\u00e8me cat\u00e9gorie), la prise en charge du personnel de sant\u00e9 malade et sa famille nucl\u00e9aire, selon l\u2019Arr\u00eat\u00e9 0561 Minsante du 17 f\u00e9vrier 2017, l\u2019augmentation des salaires des personnels de sant\u00e9, et l\u2019allocation des subventions de fonctionnement aux formations sanitaires publiques sous Pbf, et la susp du Pbf.<\/p>\n<p>Autres revendications port\u00e9es par Cap\/Sant\u00e9 et le Synpems,\u00a0c\u2019est la non-attribution d\u2019une indemnit\u00e9 compensatrice aux personnels d\u2019appui et administratif, la non-mise \u00e0 jour des plateaux techniques des Fosa, malgr\u00e9 la Covid-19, le mauvais classement des personnels de sant\u00e9 \u00e0 la sortie des \u00e9coles de formation, la progression professionnelle obscure (classification des professionnels de sant\u00e9 avec Bac + 3 en cat\u00e9gorie B2 ou B1, absence de profil de carri\u00e8re) etc\u2026<\/p>\n<p><strong>Lire aussi : <a href=\"https:\/\/ecomatin.net\/le-ministre-de-la-sante-veut-maitriser-le-circuit-de-distribution-du-medicament-dans-les-formations-sanitaires-publiques\/\" target=\"_blank\" rel=\"noreferrer noopener\">Le ministre de la Sant\u00e9 veut ma\u00eetriser le circuit de distribution du m\u00e9dicament dans les formations sanitaires publiques\u00a0<\/a><\/strong><\/p>\n<p>\u00abLe service minimum sera assur\u00e9. Mais il n\u2019 y aura pas de mise en bi\u00e8re et de lev\u00e9e de corps dans les morgues, les jeudis et les vendredis\u00bb, pr\u00e9viennent les deux responsables syndicaux dans leur avis de gr\u00e8ve. C\u2019est la seconde fois en l\u2019espace de quelques jours que le personnel de sant\u00e9 annonce un arr\u00eat de service. Le 26 juillet 2022, le mouvement OTS (On a trop support\u00e9) Personnel Sant\u00e9 envisageait de faire une gr\u00e8ve \u00e0 compter du 16 ao\u00fbt 2022. Embo\u00eetant le pas au mouvement OTS des enseignements secondaires.\u00a0<\/p>\n<p>L\u2019article <a rel=\"nofollow\" href=\"https:\/\/ecomatin.net\/cameroun-le-personnel-des-hopitaux-x-publics-annonce-un-mouvement-de-greve-le-16-aout-prochain\/\">Cameroun : le personnel des h\u00f4pitaux publics annonce un mouvement de gr\u00e8ve le 16 ao\u00fbt prochain\u00a0<\/a> est apparu en premier sur <a rel=\"nofollow\" href=\"https:\/\/ecomatin.net\/\">EcoMatin<\/a>.<\/p>\n<\/div>\n<p>Auteur: Georges Semey<br \/>\n<a href=\"https:\/\/ecomatin.net\/cameroun-le-personnel-des-hopitaux-x-publics-annonce-un-mouvement-de-greve-le-16-aout-prochain\/\">Cliquez ici pour lire l&rsquo;article depuis sa source.<\/a><\/p>\n","protected":false},"excerpt":{"rendered":"<p>L\u2019avis est sign\u00e9 de Sylvain Nga Onana et de Balla Balla, respectivement Pr\u00e9sidents de Cap\/Sant\u00e9 (Syndicat national des personnels des \u00e9tablissements des entreprises du secteur de la sant\u00e9 du Cameroun) et du Synpems (Syndicat national des personnels m\u00e9dico-sanitaires du Cameroun). Il annonce un mouvement de gr\u00e8ve dans les h\u00f4pitaux publics du Cameroun \u00e0 compter du [&hellip;]<\/p>\n","protected":false},"author":1969,"featured_media":0,"comment_status":"closed","ping_status":"closed","sticky":false,"template":"","format":"standard","meta":{"fifu_image_url":"","fifu_image_alt":"","footnotes":""},"categories":[82,78],"tags":[],"class_list":["post-154284","post","type-post","status-publish","format-standard","hentry","category-cameroun","category-economie"],"_links":{"self":[{"href":"https:\/\/linitiative.ca\/International\/wp-json\/wp\/v2\/posts\/154284","targetHints":{"allow":["GET"]}}],"collection":[{"href":"https:\/\/linitiative.ca\/International\/wp-json\/wp\/v2\/posts"}],"about":[{"href":"https:\/\/linitiative.ca\/International\/wp-json\/wp\/v2\/types\/post"}],"author":[{"embeddable":true,"href":"https:\/\/linitiative.ca\/International\/wp-json\/wp\/v2\/users\/1969"}],"replies":[{"embeddable":true,"href":"https:\/\/linitiative.ca\/International\/wp-json\/wp\/v2\/comments?post=154284"}],"version-history":[{"count":0,"href":"https:\/\/linitiative.ca\/International\/wp-json\/wp\/v2\/posts\/154284\/revisions"}],"wp:attachment":[{"href":"https:\/\/linitiative.ca\/International\/wp-json\/wp\/v2\/media?parent=154284"}],"wp:term":[{"taxonomy":"category","embeddable":true,"href":"https:\/\/linitiative.ca\/International\/wp-json\/wp\/v2\/categories?post=154284"},{"taxonomy":"post_tag","embeddable":true,"href":"https:\/\/linitiative.ca\/International\/wp-json\/wp\/v2\/tags?post=154284"}],"curies":[{"name":"wp","href":"https:\/\/api.w.org\/{rel}","templated":true}]}}