{"id":154317,"date":"2022-08-06T11:18:03","date_gmt":"2022-08-06T15:18:03","guid":{"rendered":"https:\/\/linitiative.ca\/International\/inondations-les-secours-sorganisent-a-dakar\/"},"modified":"2022-08-06T11:18:03","modified_gmt":"2022-08-06T15:18:03","slug":"inondations-les-secours-sorganisent-a-dakar","status":"publish","type":"post","link":"https:\/\/linitiative.ca\/International\/inondations-les-secours-sorganisent-a-dakar\/","title":{"rendered":"Inondations : les secours s\u2019organisent \u00e0 Dakar"},"content":{"rendered":"<div>\n<p>Dans de nombreuses localit\u00e9s de la capitale s\u00e9n\u00e9galaise, des motopompes et des camions hydrocureurs continuent d\u2019\u00e9vacuer les eaux pluviales.Il a plu des cordes hier vendredi dans plusieurs zones de Dakar. Le ciel a ouvert ses vannes pour d\u00e9verser 126 millim\u00e8tres de pluie en pleine journ\u00e9e. Des embouteillages monstres se sont alors form\u00e9s sur diff\u00e9rents axes.<\/p>\n<p>Les automobilistes ont v\u00e9cu une infernale et interminable attente, des heures d\u2019immobilisation, avant que la circulation ne reprenne. Las, certains d\u2019entre eux ont pr\u00e9f\u00e9r\u00e9 garer leur voiture pour rentrer \u00e0 pied. Pour des usagers des transports en commun et des taxis, c\u2019\u00e9tait l\u2019unique solution envisageable. \u00ab J\u2019ai march\u00e9 de Colobane \u00e0 Camb\u00e9r\u00e8ne pour avoir un v\u00e9hicule qui puisse m\u2019amener \u00e0 la Gare des Baux Maraichers de Pikine \u00bb, a expliqu\u00e9 un journaliste.<\/p>\n<p>\u00c0 Ouest Foire, un quartier pourtant r\u00e9sidentiel, une partie de l\u2019une des principales routes s\u2019est transform\u00e9e en mare. Les eaux ont p\u00e9n\u00e9tr\u00e9 dans les maisons et commerces les plus proches de la chauss\u00e9e. Leur \u00e9vacuation, entam\u00e9e apr\u00e8s l\u2019arr\u00eat des pr\u00e9cipitations, s\u2019est poursuivie jusqu\u2019au petit matin avec le ballet des camions hydrocureurs qui aspirent le liquide pour le verser dans un regard install\u00e9 sur une intersection.<\/p>\n<p>Ces fortes pluies, \u00ab \u00e0 l\u2019origine de beaucoup de d\u00e9sagr\u00e9ments pour les populations \u00bb, ont caus\u00e9 la mort \u00ab d\u2019un individu de sexe masculin sur la Corniche Ouest \u00bb de Dakar, a d\u00e9clar\u00e9 hier soir le ministre de l\u2019Int\u00e9rieur, Antoine F\u00e9lix Abdoulaye Diome. Des perturbations sont \u00e9galement not\u00e9es sur les r\u00e9seaux d\u2019eau et d\u2019\u00e9lectricit\u00e9.<\/p>\n<p>Pour faire face \u00e0 cette situation, a-t-il indiqu\u00e9, tous les services de l\u2019\u00c9tat sont mobilis\u00e9s afin d\u2019assister les populations sinistr\u00e9es dans le cadre du Plan national d\u2019organisation des secours (Orsec) d\u00e9clench\u00e9 \u00e0 cet effet. De son c\u00f4t\u00e9, le pr\u00e9sident Macky Sall a r\u00e9affirm\u00e9 \u00ab sa solidarit\u00e9 \u00e0 toutes les personnes touch\u00e9es par ces intemp\u00e9ries \u00bb et pr\u00e9sent\u00e9 \u00ab ses sinc\u00e8res condol\u00e9ances \u00e0 la famille de la victime \u00bb.<\/p>\n<p>Sur Twitter, l\u2019Agence nationale de l\u2019aviation civile et de la m\u00e9t\u00e9orologie (Anacim) annonce que ce samedi \u00ab les conditions resteront favorables \u00e0 des orages et des pluies d\u2019intensit\u00e9s variables sur une bonne partie du pays, notamment \u00e0 Dakar \u00bb.<\/p>\n<p>Cet article <a rel=\"nofollow\" href=\"https:\/\/www.journalducameroun.com\/inondations-les-secours-sorganisent-a-dakar\/\">Inondations : les secours s\u2019organisent \u00e0 Dakar<\/a> est apparu en premier sur <a rel=\"nofollow\" href=\"https:\/\/www.journalducameroun.com\/\">Journal du Cameroun<\/a>.<\/p>\n<\/div>\n<p>Auteur: APA News<br \/>\n<a href=\"https:\/\/www.journalducameroun.com\/inondations-les-secours-sorganisent-a-dakar\/\">Cliquez ici pour lire l&rsquo;article depuis sa source.<\/a><\/p>\n","protected":false},"excerpt":{"rendered":"<p>Dans de nombreuses localit\u00e9s de la capitale s\u00e9n\u00e9galaise, des motopompes et des camions hydrocureurs continuent d\u2019\u00e9vacuer les eaux pluviales.Il a plu des cordes hier vendredi dans plusieurs zones de Dakar. Le ciel a ouvert ses vannes pour d\u00e9verser 126 millim\u00e8tres de pluie en pleine journ\u00e9e. Des embouteillages monstres se sont alors form\u00e9s sur diff\u00e9rents axes. [&hellip;]<\/p>\n","protected":false},"author":1965,"featured_media":0,"comment_status":"closed","ping_status":"closed","sticky":false,"template":"","format":"standard","meta":{"fifu_image_url":"","fifu_image_alt":"","footnotes":""},"categories":[73,82],"tags":[],"class_list":["post-154317","post","type-post","status-publish","format-standard","hentry","category-actualite","category-cameroun"],"_links":{"self":[{"href":"https:\/\/linitiative.ca\/International\/wp-json\/wp\/v2\/posts\/154317","targetHints":{"allow":["GET"]}}],"collection":[{"href":"https:\/\/linitiative.ca\/International\/wp-json\/wp\/v2\/posts"}],"about":[{"href":"https:\/\/linitiative.ca\/International\/wp-json\/wp\/v2\/types\/post"}],"author":[{"embeddable":true,"href":"https:\/\/linitiative.ca\/International\/wp-json\/wp\/v2\/users\/1965"}],"replies":[{"embeddable":true,"href":"https:\/\/linitiative.ca\/International\/wp-json\/wp\/v2\/comments?post=154317"}],"version-history":[{"count":0,"href":"https:\/\/linitiative.ca\/International\/wp-json\/wp\/v2\/posts\/154317\/revisions"}],"wp:attachment":[{"href":"https:\/\/linitiative.ca\/International\/wp-json\/wp\/v2\/media?parent=154317"}],"wp:term":[{"taxonomy":"category","embeddable":true,"href":"https:\/\/linitiative.ca\/International\/wp-json\/wp\/v2\/categories?post=154317"},{"taxonomy":"post_tag","embeddable":true,"href":"https:\/\/linitiative.ca\/International\/wp-json\/wp\/v2\/tags?post=154317"}],"curies":[{"name":"wp","href":"https:\/\/api.w.org\/{rel}","templated":true}]}}