{"id":154358,"date":"2022-08-07T13:37:07","date_gmt":"2022-08-07T17:37:07","guid":{"rendered":"https:\/\/linitiative.ca\/International\/tunisie-menzel-bouzelfa-un-cadavre-jete-en-bordure-de-route\/"},"modified":"2022-08-07T13:37:07","modified_gmt":"2022-08-07T17:37:07","slug":"tunisie-menzel-bouzelfa-un-cadavre-jete-en-bordure-de-route","status":"publish","type":"post","link":"https:\/\/linitiative.ca\/International\/tunisie-menzel-bouzelfa-un-cadavre-jete-en-bordure-de-route\/","title":{"rendered":"Tunisie \u2013 Menzel Bouzelfa\u00a0: Un cadavre jet\u00e9 en bordure de route"},"content":{"rendered":"<div>\n<p>Une source polici\u00e8re a assur\u00e9 que le cadavre d\u2019un adulte n\u00e9 en 1973, a \u00e9t\u00e9 d\u00e9couvert, ce matin, en bordure de la route, dans la localit\u00e9 de Damous el Hajja, dans la r\u00e9gion de Menzel Bouzelfa. Le corps portait d\u2019\u00e9videntes traces de violence et \u00e9tait couvert de sang. Il a \u00e9t\u00e9 transf\u00e9r\u00e9 au service de [\u2026]<\/p>\n<p>L\u2019article <a href=\"https:\/\/www.tunisienumerique.com\/tunisie-menzel-bouzelfa-un-cadavre-jete-en-bordure-de-route\/\">Tunisie \u2013 Menzel Bouzelfa\u00a0: Un cadavre jet\u00e9 en bordure de route<\/a> est apparu en premier sur <a href=\"https:\/\/www.tunisienumerique.com\/\">Tunisie<\/a>.<\/p>\n<\/div>\n<p>Auteur: LM<br \/>\n<a href=\"https:\/\/www.tunisienumerique.com\/tunisie-menzel-bouzelfa-un-cadavre-jete-en-bordure-de-route\/\">Cliquez ici pour lire l&rsquo;article depuis sa source.<\/a><\/p>\n","protected":false},"excerpt":{"rendered":"<p>Une source polici\u00e8re a assur\u00e9 que le cadavre d\u2019un adulte n\u00e9 en 1973, a \u00e9t\u00e9 d\u00e9couvert, ce matin, en bordure de la route, dans la localit\u00e9 de Damous el Hajja, dans la r\u00e9gion de Menzel Bouzelfa. Le corps portait d\u2019\u00e9videntes traces de violence et \u00e9tait couvert de sang. Il a \u00e9t\u00e9 transf\u00e9r\u00e9 au service de [&hellip;]<\/p>\n","protected":false},"author":1789,"featured_media":0,"comment_status":"closed","ping_status":"closed","sticky":false,"template":"","format":"standard","meta":{"fifu_image_url":"","fifu_image_alt":"","footnotes":""},"categories":[73,55],"tags":[],"class_list":["post-154358","post","type-post","status-publish","format-standard","hentry","category-actualite","category-tunisie"],"_links":{"self":[{"href":"https:\/\/linitiative.ca\/International\/wp-json\/wp\/v2\/posts\/154358","targetHints":{"allow":["GET"]}}],"collection":[{"href":"https:\/\/linitiative.ca\/International\/wp-json\/wp\/v2\/posts"}],"about":[{"href":"https:\/\/linitiative.ca\/International\/wp-json\/wp\/v2\/types\/post"}],"author":[{"embeddable":true,"href":"https:\/\/linitiative.ca\/International\/wp-json\/wp\/v2\/users\/1789"}],"replies":[{"embeddable":true,"href":"https:\/\/linitiative.ca\/International\/wp-json\/wp\/v2\/comments?post=154358"}],"version-history":[{"count":0,"href":"https:\/\/linitiative.ca\/International\/wp-json\/wp\/v2\/posts\/154358\/revisions"}],"wp:attachment":[{"href":"https:\/\/linitiative.ca\/International\/wp-json\/wp\/v2\/media?parent=154358"}],"wp:term":[{"taxonomy":"category","embeddable":true,"href":"https:\/\/linitiative.ca\/International\/wp-json\/wp\/v2\/categories?post=154358"},{"taxonomy":"post_tag","embeddable":true,"href":"https:\/\/linitiative.ca\/International\/wp-json\/wp\/v2\/tags?post=154358"}],"curies":[{"name":"wp","href":"https:\/\/api.w.org\/{rel}","templated":true}]}}