{"id":154365,"date":"2022-08-07T14:57:32","date_gmt":"2022-08-07T18:57:32","guid":{"rendered":"https:\/\/linitiative.ca\/International\/mesures-fortes-prises-par-ado-cest-la-cote-divoire-qui-gagne\/"},"modified":"2022-08-07T14:57:32","modified_gmt":"2022-08-07T18:57:32","slug":"mesures-fortes-prises-par-ado-cest-la-cote-divoire-qui-gagne","status":"publish","type":"post","link":"https:\/\/linitiative.ca\/International\/mesures-fortes-prises-par-ado-cest-la-cote-divoire-qui-gagne\/","title":{"rendered":"MESURES FORTES PRISES PAR ADO  \u00a0: C\u2019est la C\u00f4te d\u2019Ivoire qui gagne"},"content":{"rendered":"<div>\n<p><img loading=\"lazy\" decoding=\"async\" width=\"320\" height=\"180\" src=\"https:\/\/lepays.bf\/wp-content\/uploads\/2022\/08\/rci.webp\" class=\"attachment- size- wp-post-image\" alt=\"\" style=\"float:left; margin:0 15px 15px 0;\" srcset=\"https:\/\/lepays.bf\/wp-content\/uploads\/2022\/08\/rci.webp 320w, https:\/\/lepays.bf\/wp-content\/uploads\/2022\/08\/rci-300x169.webp 300w, https:\/\/lepays.bf\/wp-content\/uploads\/2022\/08\/rci-150x84.webp 150w\" sizes=\"auto, (max-width: 320px) 100vw, 320px\">Chez les adversaires politiques d\u2019Alassane Ouattara, c\u2019est la soupe \u00e0 la grimace depuis le discours \u00e0 la Nation de ce dernier en pr\u00e9lude au 62e anniversaire de l\u2019ind\u00e9pendance de la C\u00f4te d\u2019Ivoire, dans lequel il a annonc\u00e9 une batterie de mesures en faveur de ses [\u2026]<\/p>\n<p>L\u2019article <a rel=\"nofollow\" href=\"https:\/\/lepays.bf\/mesures-fortes-prises-par-ado-cest-la-cote-divoire-qui-gagne\/\">MESURES FORTES PRISES PAR ADO  \u00a0: C\u2019est la C\u00f4te d\u2019Ivoire qui gagne<\/a> est apparu en premier sur <a rel=\"nofollow\" href=\"https:\/\/lepays.bf\/\">Editions Le Pays<\/a>.<\/p>\n<\/div>\n<p>Auteur: Editions LEPAYS<br \/>\n<a href=\"https:\/\/lepays.bf\/mesures-fortes-prises-par-ado-cest-la-cote-divoire-qui-gagne\/\">Cliquez ici pour lire l&rsquo;article depuis sa source.<\/a><\/p>\n","protected":false},"excerpt":{"rendered":"<p>Chez les adversaires politiques d\u2019Alassane Ouattara, c\u2019est la soupe \u00e0 la grimace depuis le discours \u00e0 la Nation de ce dernier en pr\u00e9lude au 62e anniversaire de l\u2019ind\u00e9pendance de la C\u00f4te d\u2019Ivoire, dans lequel il a annonc\u00e9 une batterie de mesures en faveur de ses [\u2026] L\u2019article MESURES FORTES PRISES PAR ADO \u00a0: C\u2019est la [&hellip;]<\/p>\n","protected":false},"author":1813,"featured_media":0,"comment_status":"closed","ping_status":"closed","sticky":false,"template":"","format":"standard","meta":{"fifu_image_url":"https:\/\/lepays.bf\/wp-content\/uploads\/2022\/08\/rci.webp","fifu_image_alt":"MESURES FORTES PRISES PAR ADO  \u00a0: C\u2019est la C\u00f4te d\u2019Ivoire qui gagne","footnotes":""},"categories":[73,81],"tags":[],"class_list":["post-154365","post","type-post","status-publish","format-standard","hentry","category-actualite","category-burkina-faso"],"_links":{"self":[{"href":"https:\/\/linitiative.ca\/International\/wp-json\/wp\/v2\/posts\/154365","targetHints":{"allow":["GET"]}}],"collection":[{"href":"https:\/\/linitiative.ca\/International\/wp-json\/wp\/v2\/posts"}],"about":[{"href":"https:\/\/linitiative.ca\/International\/wp-json\/wp\/v2\/types\/post"}],"author":[{"embeddable":true,"href":"https:\/\/linitiative.ca\/International\/wp-json\/wp\/v2\/users\/1813"}],"replies":[{"embeddable":true,"href":"https:\/\/linitiative.ca\/International\/wp-json\/wp\/v2\/comments?post=154365"}],"version-history":[{"count":0,"href":"https:\/\/linitiative.ca\/International\/wp-json\/wp\/v2\/posts\/154365\/revisions"}],"wp:attachment":[{"href":"https:\/\/linitiative.ca\/International\/wp-json\/wp\/v2\/media?parent=154365"}],"wp:term":[{"taxonomy":"category","embeddable":true,"href":"https:\/\/linitiative.ca\/International\/wp-json\/wp\/v2\/categories?post=154365"},{"taxonomy":"post_tag","embeddable":true,"href":"https:\/\/linitiative.ca\/International\/wp-json\/wp\/v2\/tags?post=154365"}],"curies":[{"name":"wp","href":"https:\/\/api.w.org\/{rel}","templated":true}]}}