{"id":154368,"date":"2022-08-07T17:31:33","date_gmt":"2022-08-07T21:31:33","guid":{"rendered":"https:\/\/linitiative.ca\/International\/reboisement-encore-des-efforts\/"},"modified":"2022-08-07T17:31:33","modified_gmt":"2022-08-07T21:31:33","slug":"reboisement-encore-des-efforts","status":"publish","type":"post","link":"https:\/\/linitiative.ca\/International\/reboisement-encore-des-efforts\/","title":{"rendered":"Reboisement : Encore des efforts"},"content":{"rendered":"<div>\n<p>Cette ann\u00e9e encore, on a plant\u00e9 des arbres\u00a0! Oui, des milliers d\u2019arbres \u00e0 l\u2019occasion de la IVe \u00e9dition de la Journ\u00e9e nationale de l\u2019arbre, le 6 ao\u00fbt 2022, sous le th\u00e8me, \u00abArbre, facteur de solidarit\u00e9 et de r\u00e9silience \u00bb. Tout en lan\u00e7ant le d\u00e9fi de faire mieux que les autres ann\u00e9es, de planter 900 mille arbres en un jour et d\u2019am\u00e9liorer le taux de survie des plants, le gouvernement a plac\u00e9 les Personnes d\u00e9plac\u00e9es internes (PDI) au c\u0153ur de cette \u00e9dition. Il entend, une fois de plus, souligner le cordon ombilical qui lie l\u2019\u00eatre humain \u00e0 l\u2019environnement.<\/p>\n<p>Pouss\u00e9es hors de leurs habitats par les attaques et menaces terroristes, les PDI ne peuvent compter en premier que sur ce que leur offre Dame nature en termes\u00a0de g\u00eete, de subsistance, de soins et de source d\u2019\u00e9nergie\u2026 Une action anthropique \u00e9videmment dommageable, m\u00eame si elle est ind\u00e9pendante de leur volont\u00e9. On comprend ais\u00e9ment le sens du th\u00e8me retenu cette ann\u00e9e. \u00abCette frange de la population vuln\u00e9rable a un impact sur les ressources foresti\u00e8res dans les communes d\u2019accueil pour ses besoins\u00a0\u2026\u00bb, a expliqu\u00e9 la ministre en charge de l\u2019environnement, Maminata Traor\u00e9.<\/p>\n<p>S\u2019il est une \u00e9vidence dans l\u2019esprit de tout Burkinab\u00e8 que la protection de l\u2019environnement est une priorit\u00e9 pour un pays sah\u00e9lien et dont l\u2019\u00e9conomie repose encore sur l\u2019agriculture, il est \u00e0 noter que la prise de conscience citoyenne et l\u2019engagement cons\u00e9quent restent faibles malgr\u00e9 de nombreuses politiques publiques et des campagnes de mobilisation en la mati\u00e8re. En effet, \u00e9chaud\u00e9 par la grande s\u00e9cheresse des ann\u00e9es 70, le Burkina Faso s\u2019est mis \u00e0 la t\u00e2che du reboisement collectif \u00e0 travers plusieurs initiatives dont, entre autres, \u00abLes trois luttes engag\u00e9es pour un Burkina vert \u00bb, \u00ab8000 villages, 8000 for\u00eats\u00bb, \u00abUne \u00e9cole, un bosquet\u00bb, \u00ab\u00a0Le plan de protection des berges\u00a0\u00bb, etc.<\/p>\n<p>A cela s\u2019ajoutent les campagnes de reboisement lors des vacances. Ces efforts de renforcement du couvert v\u00e9g\u00e9tal manquent bien souvent de rigueur et de suite. Au constat, c\u2019est beaucoup d\u2019actions et moins de r\u00e9sultats. La nature continue de se d\u00e9grader, entrainant une baisse notable de la biodiversit\u00e9. La d\u00e9sertification du pays s\u2019aggrave \u00e0 vue d\u2019\u0153il. La pratique de l\u2019agriculture expansive, de l\u2019orpaillage, du \u00ab\u00a0braconnage\u00a0\u00bb des esp\u00e8ces ligneuses, la surexploitation du bois de chauffe, la chasse au feu de brousse\u2026 ont fini par essouffler les capacit\u00e9s de r\u00e9g\u00e9n\u00e9rescence naturelle de l\u2019environnement.<\/p>\n<p>Et le d\u00e9r\u00e8glement g\u00e9n\u00e9ral du climat du globe n\u2019est pas plus rassurant pour notre espace vital. C\u2019est la raison pour laquelle, depuis 2018, le gouvernement a instaur\u00e9 la Journ\u00e9e de l\u2019arbre. Ce qui a tr\u00e8s souvent manqu\u00e9 \u00e0 cette initiative, c\u2019est son appropriation par la base et l\u2019engagement citoyen individuel. Si chaque arbre plant\u00e9 avait la chance de survivre, le Burkina regorgerait de nombreux bosquets, tant on en a ensemenc\u00e9s ces derni\u00e8res ann\u00e9es. Les Burkinab\u00e8, individuellement ou collectivement, devraient s\u2019engager \u00e0 planter au moins un arbre par an et veiller \u00e0 leur survie.<\/p>\n<p>Il en est de m\u00eame des appel\u00e9s du Service national de d\u00e9veloppement (SND), les promotions sortantes des \u00e9coles de formation professionnelles et des universit\u00e9s, les couples qui scellent leur union, une famille, un enfant, etc. C\u2019est ainsi que le reboisement pourrait avoir un impact r\u00e9el. Le pays aura fait un grand pas si chacun s\u2019engageait par conviction et non par contrainte. Il faut se convaincre des graves dangers que charrie le d\u00e9r\u00e8glement climatique, d\u00fb en grande partie \u00e0 l\u2019action pr\u00e9datrice de l\u2019homme sur la nature. Pour mettre \u00e0 l\u2019abri les g\u00e9n\u00e9rations futures, cette prise de conscience collective est plus qu\u2019une n\u00e9cessit\u00e9. C\u2019est m\u00eame une dette envers la nature.<\/p>\n<p style=\"text-align: right\"><strong>Par Assetou BADOH<\/strong><\/p>\n<p style=\"text-align: right\">badohassetou@yahoo.fr<\/p>\n<\/div>\n<p>Auteur: JK. Sidwaya<br \/>\n<a href=\"https:\/\/www.sidwaya.info\/blog\/2022\/08\/07\/reboisement-encore-des-efforts\/\">Cliquez ici pour lire l&rsquo;article depuis sa source.<\/a><\/p>\n","protected":false},"excerpt":{"rendered":"<p>Cette ann\u00e9e encore, on a plant\u00e9 des arbres\u00a0! Oui, des milliers d\u2019arbres \u00e0 l\u2019occasion de la IVe \u00e9dition de la Journ\u00e9e nationale de l\u2019arbre, le 6 ao\u00fbt 2022, sous le th\u00e8me, \u00abArbre, facteur de solidarit\u00e9 et de r\u00e9silience \u00bb. Tout en lan\u00e7ant le d\u00e9fi de faire mieux que les autres ann\u00e9es, de planter 900 mille [&hellip;]<\/p>\n","protected":false},"author":1816,"featured_media":0,"comment_status":"closed","ping_status":"closed","sticky":false,"template":"","format":"standard","meta":{"fifu_image_url":"","fifu_image_alt":"","footnotes":""},"categories":[73,81],"tags":[],"class_list":["post-154368","post","type-post","status-publish","format-standard","hentry","category-actualite","category-burkina-faso"],"_links":{"self":[{"href":"https:\/\/linitiative.ca\/International\/wp-json\/wp\/v2\/posts\/154368","targetHints":{"allow":["GET"]}}],"collection":[{"href":"https:\/\/linitiative.ca\/International\/wp-json\/wp\/v2\/posts"}],"about":[{"href":"https:\/\/linitiative.ca\/International\/wp-json\/wp\/v2\/types\/post"}],"author":[{"embeddable":true,"href":"https:\/\/linitiative.ca\/International\/wp-json\/wp\/v2\/users\/1816"}],"replies":[{"embeddable":true,"href":"https:\/\/linitiative.ca\/International\/wp-json\/wp\/v2\/comments?post=154368"}],"version-history":[{"count":0,"href":"https:\/\/linitiative.ca\/International\/wp-json\/wp\/v2\/posts\/154368\/revisions"}],"wp:attachment":[{"href":"https:\/\/linitiative.ca\/International\/wp-json\/wp\/v2\/media?parent=154368"}],"wp:term":[{"taxonomy":"category","embeddable":true,"href":"https:\/\/linitiative.ca\/International\/wp-json\/wp\/v2\/categories?post=154368"},{"taxonomy":"post_tag","embeddable":true,"href":"https:\/\/linitiative.ca\/International\/wp-json\/wp\/v2\/tags?post=154368"}],"curies":[{"name":"wp","href":"https:\/\/api.w.org\/{rel}","templated":true}]}}