{"id":154377,"date":"2022-08-07T16:18:03","date_gmt":"2022-08-07T20:18:03","guid":{"rendered":"https:\/\/linitiative.ca\/International\/fete-de-lindependance-retour-du-defile-en-cote-divoire\/"},"modified":"2022-08-07T16:18:03","modified_gmt":"2022-08-07T20:18:03","slug":"fete-de-lindependance-retour-du-defile-en-cote-divoire","status":"publish","type":"post","link":"https:\/\/linitiative.ca\/International\/fete-de-lindependance-retour-du-defile-en-cote-divoire\/","title":{"rendered":"F\u00eate de l\u2019ind\u00e9pendance : retour du d\u00e9fil\u00e9 en C\u00f4te d\u2019Ivoire"},"content":{"rendered":"<div>\n<p><img decoding=\"async\" width=\"1024\" height=\"683\" src=\"https:\/\/linitiative.ca\/International\/wp-content\/uploads\/sites\/23\/2022\/08\/16599034844057.jpg\" class=\"attachment-post-thumbnail size-post-thumbnail wp-post-image\" alt=\"\" loading=\"lazy\" srcset=\"https:\/\/linitiative.ca\/International\/wp-content\/uploads\/sites\/23\/2022\/08\/16599034844057.jpg 1024w, https:\/\/www.journalducameroun.com\/wp-content\/uploads\/2022\/08\/16599034844057-300x200.jpg 300w, https:\/\/www.journalducameroun.com\/wp-content\/uploads\/2022\/08\/16599034844057-768x512.jpg 768w, https:\/\/www.journalducameroun.com\/wp-content\/uploads\/2022\/08\/16599034844057-660x440.jpg 660w, https:\/\/www.journalducameroun.com\/wp-content\/uploads\/2022\/08\/16599034844057-600x400.jpg 600w\" sizes=\"auto, (max-width: 1024px) 100vw, 1024px\"><\/p>\n<p>L&rsquo;an 62 de l&rsquo;accession \u00e0 la souverainet\u00e9 internationale a \u00e9t\u00e9 c\u00e9l\u00e9br\u00e9 ce dimanche dans la capitale politique et administrative Yamoussoukro.Situ\u00e9e \u00e0 242 kilom\u00e8tres au Nord d&rsquo;Abidjan, la terre natale de F\u00e9lix Houphou\u00ebt-Boigny, le premier pr\u00e9sident de la R\u00e9publique de C\u00f4te d&rsquo;Ivoire, a accueilli les festivit\u00e9s de la f\u00eate de l&rsquo;ind\u00e9pendance.<\/p>\n<p>Pour les deux pr\u00e9c\u00e9dentes \u00e9ditions, les autorit\u00e9s avaient choisi une comm\u00e9moration sobre et restreinte au Palais de la R\u00e9publique, \u00e0 Abidjan, en raison de la Covid-19. Aujourd&rsquo;hui, le d\u00e9fil\u00e9 militaire et civil, tenu sur la Place Jean-Paul II, a vu la participation de 5731 personnes dont 4625 membres des Forces de d\u00e9fense et de s\u00e9curit\u00e9.<\/p>\n<p>Un d\u00e9tachement de l&rsquo;arm\u00e9e lib\u00e9rienne a \u00e9galement parad\u00e9 afin de magnifier et consolider la parfaite coop\u00e9ration entre les \u00c9tats-majors des deux pays. Les pr\u00e9sidents George Weah du Liberia et Umaro Sissoco Embal\u00f3 de la Guin\u00e9e-Bissau, arriv\u00e9s samedi soir \u00e0 Yamoussoukro, ont pris part \u00e0 cette c\u00e9l\u00e9bration aux c\u00f4t\u00e9s de leur homologue Alassane Ouattara. Contrairement aux anciens chefs de l&rsquo;\u00c9tat Laurent Gbagbo et Henri Konan B\u00e9di\u00e9 pourtant invit\u00e9s par leur successeur.<\/p>\n<p>Absent pour des \u00ab raisons personnelles \u00bb, B\u00e9di\u00e9 a quand m\u00eame envoy\u00e9 une d\u00e9l\u00e9gation compos\u00e9e du G\u00e9n\u00e9ral Gaston Ouassenan Kon\u00e9, de Georges Ezaley, de Coffi L\u00e9opoldine Tiezan, de Marie-Ange N&rsquo;Dia et de Netro Ren\u00e9.<\/p>\n<p>Lors du traditionnel discours de veille d&rsquo;ind\u00e9pendance, Alassane Ouattara a annonc\u00e9 avoir sign\u00e9 un d\u00e9cret pour gracier Gbagbo, lever le gel de ses comptes bancaires et proc\u00e9der au paiement de ses arri\u00e9r\u00e9s de rente viag\u00e8re. Histoire \u00ab de renforcer davantage la coh\u00e9sion sociale \u00bb, a-t-il expliqu\u00e9.<\/p>\n<p>Acquitt\u00e9 par la Cour P\u00e9nale Internationale (CPI), l&rsquo;opposant \u00e9tait toujours sous le coup d&rsquo;une condamnation de 20 ans de prison pour le braquage de la Banque centrale des \u00c9tats de l&rsquo;Afrique de l&rsquo;ouest (Bceao) pendant la crise post\u00e9lectorale de 2010 &#8211; 2011.<\/p>\n<p>Dans ce sens, le chef de l&rsquo;\u00c9tat ivoirien a aussi pris un d\u00e9cret pour la lib\u00e9ration conditionnelle du vice-amiral Vagba Faussignaux et du commandant Jean-No\u00ebl Abehi. En outre, environ 3000 Ivoiriens, emprisonn\u00e9s pour des infractions mineures, ont \u00e9t\u00e9 \u00e9largis selon le m\u00eame proc\u00e9d\u00e9.<\/p>\n<p>Cet article <a rel=\"nofollow\" href=\"https:\/\/www.journalducameroun.com\/fete-de-lindependance-retour-du-defile-en-cote-divoire\/\">F\u00eate de l\u2019ind\u00e9pendance : retour du d\u00e9fil\u00e9 en C\u00f4te d\u2019Ivoire<\/a> est apparu en premier sur <a rel=\"nofollow\" href=\"https:\/\/www.journalducameroun.com\/\">Journal du Cameroun<\/a>.<\/p>\n<\/div>\n<p>Auteur: APA News<br \/>\n<a href=\"https:\/\/www.journalducameroun.com\/fete-de-lindependance-retour-du-defile-en-cote-divoire\/\">Cliquez ici pour lire l&rsquo;article depuis sa source.<\/a><\/p>\n","protected":false},"excerpt":{"rendered":"<p>L&rsquo;an 62 de l&rsquo;accession \u00e0 la souverainet\u00e9 internationale a \u00e9t\u00e9 c\u00e9l\u00e9br\u00e9 ce dimanche dans la capitale politique et administrative Yamoussoukro.Situ\u00e9e \u00e0 242 kilom\u00e8tres au Nord d&rsquo;Abidjan, la terre natale de F\u00e9lix Houphou\u00ebt-Boigny, le premier pr\u00e9sident de la R\u00e9publique de C\u00f4te d&rsquo;Ivoire, a accueilli les festivit\u00e9s de la f\u00eate de l&rsquo;ind\u00e9pendance. Pour les deux pr\u00e9c\u00e9dentes \u00e9ditions, [&hellip;]<\/p>\n","protected":false},"author":1965,"featured_media":0,"comment_status":"closed","ping_status":"closed","sticky":false,"template":"","format":"standard","meta":{"fifu_image_url":"https:\/\/www.journalducameroun.com\/wp-content\/uploads\/2022\/08\/16599034844057.jpg","fifu_image_alt":"F\u00eate de l\u2019ind\u00e9pendance : retour du d\u00e9fil\u00e9 en C\u00f4te d\u2019Ivoire","footnotes":""},"categories":[73,82],"tags":[],"class_list":["post-154377","post","type-post","status-publish","format-standard","hentry","category-actualite","category-cameroun"],"_links":{"self":[{"href":"https:\/\/linitiative.ca\/International\/wp-json\/wp\/v2\/posts\/154377","targetHints":{"allow":["GET"]}}],"collection":[{"href":"https:\/\/linitiative.ca\/International\/wp-json\/wp\/v2\/posts"}],"about":[{"href":"https:\/\/linitiative.ca\/International\/wp-json\/wp\/v2\/types\/post"}],"author":[{"embeddable":true,"href":"https:\/\/linitiative.ca\/International\/wp-json\/wp\/v2\/users\/1965"}],"replies":[{"embeddable":true,"href":"https:\/\/linitiative.ca\/International\/wp-json\/wp\/v2\/comments?post=154377"}],"version-history":[{"count":0,"href":"https:\/\/linitiative.ca\/International\/wp-json\/wp\/v2\/posts\/154377\/revisions"}],"wp:attachment":[{"href":"https:\/\/linitiative.ca\/International\/wp-json\/wp\/v2\/media?parent=154377"}],"wp:term":[{"taxonomy":"category","embeddable":true,"href":"https:\/\/linitiative.ca\/International\/wp-json\/wp\/v2\/categories?post=154377"},{"taxonomy":"post_tag","embeddable":true,"href":"https:\/\/linitiative.ca\/International\/wp-json\/wp\/v2\/tags?post=154377"}],"curies":[{"name":"wp","href":"https:\/\/api.w.org\/{rel}","templated":true}]}}