{"id":154379,"date":"2022-08-07T05:17:12","date_gmt":"2022-08-07T09:17:12","guid":{"rendered":"https:\/\/linitiative.ca\/International\/marche-financier-de-la-cemac-les-details-sur-laugmentation-de-capital-de-la-bvmac\/"},"modified":"2022-08-07T05:17:12","modified_gmt":"2022-08-07T09:17:12","slug":"marche-financier-de-la-cemac-les-details-sur-laugmentation-de-capital-de-la-bvmac","status":"publish","type":"post","link":"https:\/\/linitiative.ca\/International\/marche-financier-de-la-cemac-les-details-sur-laugmentation-de-capital-de-la-bvmac\/","title":{"rendered":"March\u00e9 financier de la Cemac\u00a0: les d\u00e9tails sur l\u2019augmentation de capital de la Bvmac"},"content":{"rendered":"<div>\n<p>Convoqu\u00e9s le 15 septembre prochain en assembl\u00e9e g\u00e9n\u00e9rale extraordinaire, les actionnaires de la Bourse des valeurs mobili\u00e8re d\u2019Afrique centrale(Bvmac) devront principalement se prononcer sur l\u2019augmentation du capital social de cette soci\u00e9t\u00e9 anonyme, qui est actuellement de 6,842 milliards de FCFA. Il s\u2019agit d\u2019une recommandation faite par le groupe de travail mis en place par le gouverneur de la Banque centrale pour l\u2019op\u00e9rationnalisation de la 2e phase du projet d\u2019unification. L\u2019avis de convocation sign\u00e9 par Henri-Claude Oyima, le PCA de la place boursi\u00e8re n\u2019en dis pas plus sur les tenants et les aboutissants de cette op\u00e9ration. Selon les informations de EcoMatin collect\u00e9e aupr\u00e8s des sources proches du dossier, l\u2019augmentation portera sur un montant de 3,5 milliards de FCFA dont 2 milliards en apports en num\u00e9raires et 1,5 milliard par compensation d\u2019une cr\u00e9ance de la Douala Stock Exchange(DSX). Faut- il le rappeler, en absorbant la bourse de Douala en 2019, la Bvmac s\u2019est \u00e9galement arrog\u00e9 la totalit\u00e9 de son passif, dont un pr\u00eat \u00e9valu\u00e9 \u00e0 1,4 milliard de FCFA. L\u2019augmentation de capital par incorporation de cr\u00e9ances permet \u00e0 la soci\u00e9t\u00e9 d\u2019obtenir une r\u00e9duction de sa dette, ce qui lui permet indirectement de s\u2019enrichir.<\/p>\n<p><strong>Lire aussi : <a href=\"https:\/\/ecomatin.net\/la-bvmac-ouvre-son-capital-aux-societes-de-bourse-nouvellement-agrees2\/\" target=\"_blank\" rel=\"noreferrer noopener\">La Bvmac ouvre son capital aux soci\u00e9t\u00e9s de bourse nouvellement agr\u00e9es<\/a><\/strong><\/p>\n<p>S\u2019agissant des apports en nouveaux (2 milliards de FCFA), une moiti\u00e9 (1 milliard) sera issue d\u2019\u00e9missions de nouvelles actions. Le nombre d\u2019actions tout comme leur co\u00fbt restent pour l\u2019instant un secret de polichinelle. Ce qui est un acquis pour l\u2019instant, c\u2019est qu\u2019il y aura de nouveaux actionnaires dans le tour de table. Il s\u2019agit principalement ici des soci\u00e9t\u00e9s de bourses agr\u00e9\u00e9es par la Commission de surveillance du march\u00e9 financier d\u2019Afrique centrale (Cosumaf) mais n\u2019ayant pas encore pris de participation dans le capital de la Bvmac. Selon le r\u00e8glement de la Cosumaf, le montant \u00e0 injecter par entit\u00e9 est de 40 millions de FCFA ce qui va accro\u00eetre leurs participations qui repr\u00e9sente \u00e0 ce jour 34,87% du capital contre 47,15% pour les soci\u00e9t\u00e9s publiques, 7,21% pour les compagnies d\u2019assurances et 10,84% pour d\u2019autres actionnaires. Cette op\u00e9ration devrait donc leur permettre de s\u2019arrimer \u00e0 cette exigence r\u00e8glementaire. Apr\u00e8s viendra la discussion sur l\u2019affectation des parts restantes. Selon l\u2019avis de convocation de l\u2019AG consult\u00e9 par EcoMatin, les actionnaires actuels pourraient \u00eatre appel\u00e9s \u00e0 renoncer \u00e0 leur droit pr\u00e9f\u00e9rentiel de souscription. Une proposition qui ne semble pas du go\u00fbt de certains actionnaires historiques qui souhaitent agrandir leurs parts \u00e0 travers cette op\u00e9ration et qui pourraient voter contre.<\/p>\n<p>Le 1 milliard restant sera octroy\u00e9 par la commission de la Cemac \u00e0 travers le Fond de d\u00e9veloppement de la Communaut\u00e9(Fodec) sous forme de pr\u00eat \u00e0 long terme. La maturit\u00e9 reste m\u00e9connue mais selon nous, elle sera suffisamment longue \u00ab le temps qu\u2019il y ait plus d\u2019activit\u00e9 g\u00e9n\u00e9ratrice qui lui permette de rembourser \u00bb renseigne une source proche, du dossier.<\/p>\n<p><strong>Lire aussi : <a href=\"https:\/\/ecomatin.net\/bvmac-laction-socapalm-en-hausse-de-25-au-1er-trimestre-2022\/\" target=\"_blank\" rel=\"noreferrer noopener\">Bvmac\u00a0: l\u2019action Socapalm en hausse de 25% au 1er\u00a0trimestre 2022<\/a><\/strong><\/p>\n<p>L\u2019id\u00e9e derri\u00e8re l\u2019augmentation de capital est surtout de renforcer les fonds propres afin de donner un coup d\u2019acc\u00e9l\u00e9rateur au processus de dynamisation du march\u00e9 financier, 2e \u00e9tape apr\u00e8s la fusion physique et institutionnelle en 2019. Ce qui devrait \u00eatre facilit\u00e9 par l\u2019inscription tr\u00e8s prochaine \u00e0 la cote de la bourse des entreprises d\u2019Etat. Le Gabon, le Congo et la Guin\u00e9e Equatoriale ont d\u00e9j\u00e0 transmis chacun une liste de 3 entreprises publiques dont elles souhaitent vendre une partie du capital \u00e0 la bourse. Si le Cameroun, le Tchad et la RCA tra\u00eenent encore le pas, la transmission de leurs listes devrait permettre de vivifier un tant soit peu la bourse sous r\u00e9gionale dont l\u2019illiquidit\u00e9 et la st\u00e9rilit\u00e9 des transactions ne sont plus \u00e0 d\u00e9montrer. Au 1er ao\u00fbt 2022, la contribution du march\u00e9 financier au financement des \u00e9conomies de la Cemac ne repr\u00e9sente que 1,429% du PIB sous r\u00e9gional.<\/p>\n<p><strong>Lire aussi : <a href=\"https:\/\/ecomatin.net\/cemac-la-beac-et-la-bvmac-evaluent-la-fusion-des-deux-places-boursieres\/\" target=\"_blank\" rel=\"noreferrer noopener\">Cemac\u00a0: la Beac et la Bvmac \u00e9valuent la fusion des deux places boursi\u00e8res<\/a><\/strong><\/p>\n<p>L\u2019article <a rel=\"nofollow\" href=\"https:\/\/ecomatin.net\/marche-financier-de-la-cemac-les-details-sur-laugmentation-de-capital-de-la-bvmac\/\">March\u00e9 financier de la Cemac\u00a0: les d\u00e9tails sur l\u2019augmentation de capital de la Bvmac<\/a> est apparu en premier sur <a rel=\"nofollow\" href=\"https:\/\/ecomatin.net\/\">EcoMatin<\/a>.<\/p>\n<\/div>\n<p>Auteur: Cedrick JIONGO<br \/>\n<a href=\"https:\/\/ecomatin.net\/marche-financier-de-la-cemac-les-details-sur-laugmentation-de-capital-de-la-bvmac\/\">Cliquez ici pour lire l&rsquo;article depuis sa source.<\/a><\/p>\n","protected":false},"excerpt":{"rendered":"<p>Convoqu\u00e9s le 15 septembre prochain en assembl\u00e9e g\u00e9n\u00e9rale extraordinaire, les actionnaires de la Bourse des valeurs mobili\u00e8re d\u2019Afrique centrale(Bvmac) devront principalement se prononcer sur l\u2019augmentation du capital social de cette soci\u00e9t\u00e9 anonyme, qui est actuellement de 6,842 milliards de FCFA. Il s\u2019agit d\u2019une recommandation faite par le groupe de travail mis en place par le [&hellip;]<\/p>\n","protected":false},"author":1969,"featured_media":0,"comment_status":"closed","ping_status":"closed","sticky":false,"template":"","format":"standard","meta":{"fifu_image_url":"","fifu_image_alt":"","footnotes":""},"categories":[82,78],"tags":[],"class_list":["post-154379","post","type-post","status-publish","format-standard","hentry","category-cameroun","category-economie"],"_links":{"self":[{"href":"https:\/\/linitiative.ca\/International\/wp-json\/wp\/v2\/posts\/154379","targetHints":{"allow":["GET"]}}],"collection":[{"href":"https:\/\/linitiative.ca\/International\/wp-json\/wp\/v2\/posts"}],"about":[{"href":"https:\/\/linitiative.ca\/International\/wp-json\/wp\/v2\/types\/post"}],"author":[{"embeddable":true,"href":"https:\/\/linitiative.ca\/International\/wp-json\/wp\/v2\/users\/1969"}],"replies":[{"embeddable":true,"href":"https:\/\/linitiative.ca\/International\/wp-json\/wp\/v2\/comments?post=154379"}],"version-history":[{"count":0,"href":"https:\/\/linitiative.ca\/International\/wp-json\/wp\/v2\/posts\/154379\/revisions"}],"wp:attachment":[{"href":"https:\/\/linitiative.ca\/International\/wp-json\/wp\/v2\/media?parent=154379"}],"wp:term":[{"taxonomy":"category","embeddable":true,"href":"https:\/\/linitiative.ca\/International\/wp-json\/wp\/v2\/categories?post=154379"},{"taxonomy":"post_tag","embeddable":true,"href":"https:\/\/linitiative.ca\/International\/wp-json\/wp\/v2\/tags?post=154379"}],"curies":[{"name":"wp","href":"https:\/\/api.w.org\/{rel}","templated":true}]}}