{"id":154380,"date":"2022-08-07T05:26:20","date_gmt":"2022-08-07T09:26:20","guid":{"rendered":"https:\/\/linitiative.ca\/International\/inflation-hausse-en-catimini-du-prix-de-la-biere\/"},"modified":"2022-08-07T05:26:20","modified_gmt":"2022-08-07T09:26:20","slug":"inflation-hausse-en-catimini-du-prix-de-la-biere","status":"publish","type":"post","link":"https:\/\/linitiative.ca\/International\/inflation-hausse-en-catimini-du-prix-de-la-biere\/","title":{"rendered":"Inflation\u00a0: hausse en catimini du prix de la bi\u00e8re"},"content":{"rendered":"<div>\n<p>Malgr\u00e9 la pression des soci\u00e9t\u00e9s brassicoles depuis la\u00a0\u00a0survenue du coronavirus en 2020 et surtout l\u2019invasion russe en Ukraine en f\u00e9vrier dernier, entre autres crises qui ont fait exploser les co\u00fbts des facteurs de production des entreprises \u00e0 l\u2019\u00e9chelle de la plan\u00e8te et provoqu\u00e9 une hausse in\u00e9dite des prix \u00e0 la consommation finale des m\u00e9nages, le gouvernement du Cameroun s\u2019oppose \u00e0 toute nouvelle r\u00e9vision \u00e0 la hausse du prix de la bi\u00e8re. Au terme d\u2019une audience le 27 juillet dernier \u00e0 Yaound\u00e9 avec le pr\u00e9sident du conseil d\u2019administration de la Soci\u00e9t\u00e9 anonyme des brasseries du Cameroun (Sabc), le Fran\u00e7ais Michel Palu, le ministre du Commerce (Mincommerce), Luc Magloire Mbarga Atangana, a annonc\u00e9 que le leader du march\u00e9 local de la bi\u00e8re avait finalement d\u00e9cid\u00e9 d\u2019\u00ab accompagner le gouvernement en renon\u00e7ant \u00e0 l\u2019augmentation initialement projet\u00e9e du prix de la bi\u00e8re \u00bb. Les d\u00e9taillants, qui ignorent les contours de ce deal dans un contexte national et international plut\u00f4t d\u00e9favorable, ont d\u00e9cid\u00e9 de leur c\u00f4t\u00e9 de passer en force en ajoutant 50 Fcfa sur les 650 Fcfa repr\u00e9sentant le prix de la bi\u00e8re plafonn\u00e9 en 2019.<\/p>\n<p><strong>Lire aussi : <a href=\"https:\/\/ecomatin.net\/prix-de-la-biere-le-gouvernement-enterre-les-espoirs-dune-hausse-entretenue-par-les-exploitants\/\" target=\"_blank\" rel=\"noreferrer noopener\">Prix de la bi\u00e8re : le gouvernement enterre les espoirs d\u2019une hausse entretenue par les exploitants<\/a><\/strong><\/p>\n<p>Cette hausse act\u00e9e par des sp\u00e9culateurs dans l\u2019arri\u00e8re- pays depuis au moins deux mois \u2013 ils invoquent des surco\u00fbts li\u00e9s au transport \u2013 est effective depuis plusieurs semaines dans la plupart des quartiers de Yaound\u00e9. Fougerolles, Ngousso, Omnisports, Essos, dans l\u2019arrondissement de Yaound\u00e9 5e, etc., le nouveau prix de 700 Fcfa fait tache d\u2019huile. La r\u00e9alit\u00e9 est la m\u00eame dans les quartiers p\u00e9riph\u00e9riques de la capitale situ\u00e9s le long de la route Yaound\u00e9-Soa dans la Mefou et Afamba, notamment Nkolfoulou et Tsinga Village. Les exploitants des d\u00e9bits de boissons ont manifestement profit\u00e9 de la pluie pour se soulager dans la nature, au grand dam des consommateurs dont le pouvoir d\u2019achat se voit davantage effrit\u00e9. Entre 2012 et 2019, le prix de la bi\u00e8re a \u00e9t\u00e9 revu \u00e0 la hausse \u00e0 trois reprises. L\u2019on est ainsi pass\u00e9 de 500 Fcfa la bouteille de 60 centilitres de bi\u00e8re cette ann\u00e9e-l\u00e0 \u00e0 650 Fcfa officiellement en 2022. Ces hausses cons\u00e9cutives d\u00e9cid\u00e9es par le gouvernement dans le but \u2013 principalement \u2013 de maximiser les taxes et imp\u00f4ts au profit du tr\u00e9sor public ont fortement grignot\u00e9 sur les marges b\u00e9n\u00e9ficiaires des d\u00e9taillants (lire interview ci-dessous).<\/p>\n<p><strong>Lire aussi : <a href=\"https:\/\/ecomatin.net\/cameroun-la-hausse-e-du-prix-x-de-la-biere-se-precise\/\" target=\"_blank\" rel=\"noreferrer noopener\">Cameroun\u00a0: la hausse du prix de la bi\u00e8re se pr\u00e9cise<\/a><\/strong><\/p>\n<p>Le gouvernement est-il capable d\u2019obliger ces acteurs \u00e0 faire machine arri\u00e8re en attendant une \u00e9ventuelle hausse officielle du prix de ce produit ? Quoiqu\u2019il en soit, la prochaine r\u00e9vision des prix de la bi\u00e8re, qui semble in\u00e9vitable au vu du niveau actuel \u2013 tr\u00e8s \u00e9lev\u00e9 \u2013 des cours des c\u00e9r\u00e9ales -, devra prendre en compte les desiderata de tous les acteurs de la fili\u00e8re bi\u00e8re.<\/p>\n<p><strong>Lire aussi : <a href=\"https:\/\/ecomatin.net\/industrie-brassicole-de-la-biere-100-camerounaise-brassee-a-ngaoundere\/\" target=\"_blank\" rel=\"noreferrer noopener\">Industrie brassicole : de la bi\u00e8re 100% camerounaise brass\u00e9e \u00e0 Ngaound\u00e9r\u00e9<\/a><\/strong><\/p>\n<p><strong>\u00ab La hausse au niveau des d\u00e9taillants est une question de survie \u00bb Val\u00e9ry Ntendie<\/strong><\/p>\n<div class=\"wp-block-image\">\n<figure class=\"alignleft size-full is-resized\"><img loading=\"lazy\" decoding=\"async\" src=\"https:\/\/linitiative.ca\/International\/wp-content\/uploads\/sites\/23\/2022\/08\/Valery_Ntendie06102021.jpg\" alt=\"\" class=\"wp-image-43160\" width=\"337\" height=\"337\" srcset=\"https:\/\/linitiative.ca\/International\/wp-content\/uploads\/sites\/23\/2022\/08\/Valery_Ntendie06102021.jpg 423w, https:\/\/ecomatin.net\/wp-content\/uploads\/2022\/08\/Valery_Ntendie06102021-300x300.jpg 300w, https:\/\/ecomatin.net\/wp-content\/uploads\/2022\/08\/Valery_Ntendie06102021-150x150.jpg 150w\" sizes=\"auto, (max-width: 337px) 100vw, 337px\"><\/figure>\n<\/div>\n<p><strong>Il y a eu une augmentation en catimini du prix de la bi\u00e8re. Dans la plupart des quartiers de Yaound\u00e9, la bouteille de 60 centilitres co\u00fbte 700 Fcfa depuis plusieurs semaines. La Synergie nationale des exploitants des d\u00e9bits de boissons (Synedebocam) que vous dirigez est-elle au courant de cette situation ?<\/strong><\/p>\n<p>Dans une de mes pr\u00e9c\u00e9dentes interventions dans les colonnes de votre journal, j\u2019avais pr\u00e9venu le ministre du Commerce que m\u00eame s\u2019il n\u2019y a pas d\u2019augmentation officielle, les d\u00e9taillants proc\u00e9deraient in\u00e9vitablement \u00e0 une r\u00e9vision \u00e0 la hausse du prix de la bi\u00e8re. Depuis 2019, les marges des d\u00e9taillants sont tr\u00e8s arrondies sur fond d\u2019agissements en violation de la loi par certaines entreprises concurremment aux avantages conf\u00e9r\u00e9s aux d\u00e9taillants. Il y a un probl\u00e8me au niveau de la structure des prix pour certains producteurs et dans certaines entreprises, on note la non application de la loi qui garantit un certain nombre d\u2019adh\u00e9rents des centres de gestion agr\u00e9\u00e9s (Cga). C\u2019est ce qui explique cette augmentation.<\/p>\n<p><strong>Est-ce que vous pouvez \u00eatre plus explicite sur la diminution des marges des d\u00e9taillants ? Par ailleurs, quels sont les avantages dont vous seriez d\u00e9lest\u00e9s ?<\/strong><\/p>\n<p>Dans la foul\u00e9e de l\u2019augmentation de 2019, les marges ont diminu\u00e9 en termes de pourcentages d\u2019abord. Si vous prenez un casier de bi\u00e8re qui co\u00fbtait jadis 5400 Fcfa au prix de gros, qui est pass\u00e9 \u00e0 6600 Fcfa avec la m\u00eame marge de 600 Fcfa par casier ; puis \u00e0 7200 Fcfa avec la m\u00eame marge, vous comprendrez que math\u00e9matiquement parlant les marges ont diminu\u00e9 d\u2019environ 22%. Par calcul invers\u00e9, si vous prenez divisez 600 Fcfa par 5400 Fcfa, vous aurez un taux en termes de pourcentage de marge par casier. Si vous divisez les m\u00eames 600 Fcfa de marge conf\u00e9r\u00e9e par 7200 Fcfa, vous verrez que la marge baisse consid\u00e9rablement. De mani\u00e8re pratique, vous investissiez 100.000 Fcfa il y a 5 ans et vous aviez 19 casiers de bi\u00e8re pour une marge de 600 Fcfa par casier. Aujourd\u2019hui, le m\u00eame casier co\u00fbte 7200 Fcfa et la marge a \u00e9t\u00e9 conserv\u00e9e \u00e0 600 Fcfa. Or, en investissant le m\u00eame capital, vous ne pourrez avoir que 14 casiers. Donc, vous perdez la marge sur 5 casiers avec le m\u00eame investissement. Entretemps, les marges sont les m\u00eames ou alors elles \u00e9voluent, parce qu\u2019avec l\u2019explosion des prix des mat\u00e9riaux de construction, les loyers augmentent. Par cons\u00e9quent, on est oblig\u00e9 d\u2019arrondir.<\/p>\n<p><strong>Lire aussi : <a href=\"https:\/\/ecomatin.net\/consommation-les-brasseries-du-cameroun-ont-vendu-4655-millions-de-litres-de-bieres-aux-camerounais-en-2018\/\" target=\"_blank\" rel=\"noreferrer noopener\">Consommation : les Brasseries du Cameroun ont vendu 465,5 millions de litres de bi\u00e8res aux Camerounais en 2018<\/a><\/strong><\/p>\n<p><strong>Votre syndicat n\u2019est donc pas oppos\u00e9 \u00e0 cette hausse unilat\u00e9rale qui est un pied de nez au ministre du Commerce ?<\/strong><\/p>\n<p>Les d\u00e9taillants ont choisi, au lieu de fermer, d\u2019am\u00e9liorer leurs marges par eux-m\u00eames. Contrairement \u00e0 ce que vous dites, cela ne s\u2019est pas fait de mani\u00e8re unilat\u00e9rale. Nous avons saisi les soci\u00e9t\u00e9s brassicoles ; nous avons m\u00eame demand\u00e9 l\u2019arbitrage du ministre du Commerce. Ces sollicitations sont rest\u00e9es lettre morte, bien que nous ayons donn\u00e9 des explications que nous avons crues d\u00e9terminantes pour la survie de notre secteur. On nous a r\u00e9pondu que l\u2019Etat a besoin de recettes m\u00eame si c\u2019est sur le dos de quiconque. De notre c\u00f4t\u00e9, nous avons aussi besoin de vivre. J\u2019ai r\u00e9cemment parl\u00e9 d\u2019une soci\u00e9t\u00e9 qui viole la loi au vu et au su de tout le monde en ne reversant pas les pr\u00e9comptes sur achats depuis 2016 aux adh\u00e9rents des centres de gestion agr\u00e9\u00e9s. Elle vient d\u2019\u00eatre rachet\u00e9e par le mastodonte sur secteur. Elle s\u2019en va avec une r\u00e9clamation que nous avons faite aupr\u00e8s d\u2019elle de plus de 6 milliards Fcfa. Ce manque \u00e0 gagner, des gens chercheront toujours \u00e0 le r\u00e9cup\u00e9rer chez le consommateur final. Le manque de concertation et de communication est la cause de ce qui se passe, et nous ne sommes qu\u2019au d\u00e9but.<\/p>\n<p><strong>C\u2019est-dire quoi au d\u00e9but ? Vous pensez qu\u2019une nouvelle hausse officielle est in\u00e9vitable ?<\/strong><\/p>\n<p>Si le gouvernement d\u00e9cide unilat\u00e9ralement d\u2019augmenter comme cela a toujours \u00e9t\u00e9 fait au profit des producteurs, nous allons davantage r\u00e9percuter cette augmentation sur le consommateur final. C\u2019est un inconv\u00e9nient. Il y a quelques jours, le g\u00e9ant de la bi\u00e8re au Cameroun a \u00e9t\u00e9 re\u00e7u par le ministre du Commerce. Ils ont parl\u00e9 des prix et indiqu\u00e9 que ceux-ci resteraient intacts. Je me demande comment on peut parler des prix au sommet sans associer ceux qui manipulent les prix, ceux qui sont directement concern\u00e9s. On donne l\u2019impression que le gendarme des prix c\u2019est le minist\u00e8re du Commerce. C\u2019est faux ! De mani\u00e8re pratique, celui qui garantit c\u2019est le d\u00e9taillant parce qu\u2019on ne peut pas mettre un agent du minist\u00e8re derri\u00e8re chaque barman. Il faudrait que la collaboration s\u2019intensifie pour le mieux de tous. Nous payons les imp\u00f4ts, nous avons un certain nombre d\u2019engagements \u00e0 respecter. On ne devrait pas nous contraindre \u00e0 aller chercher du travail uniquement dans la fonction publique. Bien que notre secteur se rapproche un peu de l\u2019informel, nous sommes un gros contributeur au budget de l\u2019Etat. A tort peut- \u00eatre, l\u2019on consid\u00e8re que ce sont les soci\u00e9t\u00e9s brassicoles qui le sont, or, elles ne collectent pas. La relation directe est entre le consommateur et le d\u00e9taillant.<\/p>\n<p><strong>Lire aussi : <a href=\"https:\/\/ecomatin.net\/debits-de-boissons-les-exploitants-font-mousser-une-nouvelle-hausse-du-prix-de-la-biere\/\" target=\"_blank\" rel=\"noreferrer noopener\">D\u00e9bits de boissons: les exploitants font mousser une nouvelle hausse du prix de la bi\u00e8re<\/a><\/strong><\/p>\n<p><strong>On a l\u2019impression que vous vous \u00eates pass\u00e9 le mot. Est- ce que les syndicats des d\u00e9taillants de bi\u00e8res ne craignent pas des repr\u00e9sailles ?<\/strong><\/p>\n<p>Nous savons que le ministre du Commerce ne va pas tarder \u00e0 envoyer ses agents sur le terrain pour sanctionner et intimider les exploitants des d\u00e9bits de boissons, mais ce n\u2019est pas la solution. Il ne ferait qu\u2019aggraver le niveau de corruption. Les autorit\u00e9s agissent parfois aveugl\u00e9ment, sans chercher \u00e0 comprendre le fond du probl\u00e8me. L\u2019agent qui descend sur le terrain vient faire de la r\u00e9pression, mais il existe des voies de recours. Nous pouvons attaquer ces actes parce que c\u2019est une question de survie. Si on demande \u00e0 tous les barmen de fermer, la difficult\u00e9 sera plus grande parce que les soci\u00e9t\u00e9s produisent \u00e0 flux tendu. Elles n\u2019ont pas de magasins o\u00f9 l\u2019on peut stocker certaines quantit\u00e9s.<\/p>\n<p><strong>Jean Omer Eyango<\/strong><\/p>\n<p>L\u2019article <a rel=\"nofollow\" href=\"https:\/\/ecomatin.net\/inflation-hausse-en-catimini-du-prix-de-la-biere\/\">Inflation\u00a0: hausse en catimini du prix de la bi\u00e8re<\/a> est apparu en premier sur <a rel=\"nofollow\" href=\"https:\/\/ecomatin.net\/\">EcoMatin<\/a>.<\/p>\n<\/div>\n<p>Auteur: EcoMatin<br \/>\n<a href=\"https:\/\/ecomatin.net\/inflation-hausse-en-catimini-du-prix-de-la-biere\/\">Cliquez ici pour lire l&rsquo;article depuis sa source.<\/a><\/p>\n","protected":false},"excerpt":{"rendered":"<p>Malgr\u00e9 la pression des soci\u00e9t\u00e9s brassicoles depuis la\u00a0\u00a0survenue du coronavirus en 2020 et surtout l\u2019invasion russe en Ukraine en f\u00e9vrier dernier, entre autres crises qui ont fait exploser les co\u00fbts des facteurs de production des entreprises \u00e0 l\u2019\u00e9chelle de la plan\u00e8te et provoqu\u00e9 une hausse in\u00e9dite des prix \u00e0 la consommation finale des m\u00e9nages, le [&hellip;]<\/p>\n","protected":false},"author":1969,"featured_media":0,"comment_status":"closed","ping_status":"closed","sticky":false,"template":"","format":"standard","meta":{"fifu_image_url":"https:\/\/ecomatin.net\/wp-content\/uploads\/2022\/08\/Valery_Ntendie06102021.jpg","fifu_image_alt":"Inflation\u00a0: hausse en catimini du prix de la bi\u00e8re","footnotes":""},"categories":[82,78],"tags":[],"class_list":["post-154380","post","type-post","status-publish","format-standard","hentry","category-cameroun","category-economie"],"_links":{"self":[{"href":"https:\/\/linitiative.ca\/International\/wp-json\/wp\/v2\/posts\/154380","targetHints":{"allow":["GET"]}}],"collection":[{"href":"https:\/\/linitiative.ca\/International\/wp-json\/wp\/v2\/posts"}],"about":[{"href":"https:\/\/linitiative.ca\/International\/wp-json\/wp\/v2\/types\/post"}],"author":[{"embeddable":true,"href":"https:\/\/linitiative.ca\/International\/wp-json\/wp\/v2\/users\/1969"}],"replies":[{"embeddable":true,"href":"https:\/\/linitiative.ca\/International\/wp-json\/wp\/v2\/comments?post=154380"}],"version-history":[{"count":0,"href":"https:\/\/linitiative.ca\/International\/wp-json\/wp\/v2\/posts\/154380\/revisions"}],"wp:attachment":[{"href":"https:\/\/linitiative.ca\/International\/wp-json\/wp\/v2\/media?parent=154380"}],"wp:term":[{"taxonomy":"category","embeddable":true,"href":"https:\/\/linitiative.ca\/International\/wp-json\/wp\/v2\/categories?post=154380"},{"taxonomy":"post_tag","embeddable":true,"href":"https:\/\/linitiative.ca\/International\/wp-json\/wp\/v2\/tags?post=154380"}],"curies":[{"name":"wp","href":"https:\/\/api.w.org\/{rel}","templated":true}]}}