{"id":154384,"date":"2022-08-08T07:22:23","date_gmt":"2022-08-08T11:22:23","guid":{"rendered":"https:\/\/linitiative.ca\/International\/36-mdh-pour-leconomie-solidaire-et-sociale-dans-le-nord\/"},"modified":"2022-08-08T07:22:23","modified_gmt":"2022-08-08T11:22:23","slug":"36-mdh-pour-leconomie-solidaire-et-sociale-dans-le-nord","status":"publish","type":"post","link":"https:\/\/linitiative.ca\/International\/36-mdh-pour-leconomie-solidaire-et-sociale-dans-le-nord\/","title":{"rendered":"36 MDH pour l\u2019\u00e9conomie solidaire et sociale dans le nord"},"content":{"rendered":"<div>\n<p><img decoding=\"async\" width=\"300\" height=\"153\" src=\"https:\/\/linitiative.ca\/International\/wp-content\/uploads\/sites\/23\/2022\/08\/Produits-de-terroir-300x153-1.png\" class=\"attachment-medium size-medium wp-post-image\" alt=\"\" loading=\"lazy\" srcset=\"https:\/\/linitiative.ca\/International\/wp-content\/uploads\/sites\/23\/2022\/08\/Produits-de-terroir-300x153-1.png 300w, https:\/\/aujourdhui.ma\/wp-content\/uploads\/2022\/08\/Produits-de-terroir-274x140.png 274w, https:\/\/aujourdhui.ma\/wp-content\/uploads\/2022\/08\/Produits-de-terroir.png 746w, https:\/\/aujourdhui.ma\/wp-content\/uploads\/2022\/08\/Produits-de-terroir-165x84.png 165w, https:\/\/aujourdhui.ma\/wp-content\/uploads\/2022\/08\/Produits-de-terroir-702x358.png 702w\" sizes=\"auto, (max-width: 300px) 100vw, 300px\"><\/p>\n<p><span style=\"color: #800000;\"><strong>Visant les groupements professionnels actifs qui op\u00e8rent dans la valorisation des produits de terroir<\/strong><\/span><span id=\"more-415025\"><\/span><\/p>\n<p>36 millions de dirhams. Telle est la valeur de la convention multilat\u00e9rale conclue dans la r\u00e9gion Tanger-T\u00e9touan-Al Hoceima pour la promotion des unit\u00e9s de l\u2019\u00e9conomie sociale et solidaires (ESS). \u00abLa convention, portant sur la p\u00e9riode 2022-2024, vise \u00e0 promouvoir l\u2019ESS, \u00e0 travers la convergence des projets d\u2019int\u00e9r\u00eat commun, en mettant en \u0153uvre un programme de soutien et d\u2019accompagnement des coop\u00e9ratives, des groupements de coop\u00e9ratives et des groupements d\u2019int\u00e9r\u00eat \u00e9conomique \u0153uvrant dans le secteur de la valorisation et commercialisation des produits de terroir de la r\u00e9gion, notamment ceux ayant une valeur ajout\u00e9e et qui constituent un levier pour l\u2019\u00e9conomie locale, particuli\u00e8rement dans le milieu rural\u00bb, apprend-on dans ce sens.<\/p>\n<p>Et de pr\u00e9ciser que \u00able programme vise essentiellement les groupements professionnels actifs qui op\u00e8rent dans la valorisation des produits de terroir dans la r\u00e9gion, notamment ceux qui disposent des capacit\u00e9s n\u00e9cessaires pour le d\u00e9veloppement et les porteurs de projets r\u00e9alisables et cr\u00e9ateurs d\u2019opportunit\u00e9s de travail, en particulier ceux ne disposant pas d\u2019unit\u00e9s de production ou ayant des unit\u00e9s qui ne r\u00e9pondent pas aux crit\u00e8res requis pour obtenir les licences et l\u2019agr\u00e9ment sanitaire, ou qui ne disposent pas des mat\u00e9riels et m\u00e9canismes n\u00e9cessaires pour valoriser le produit\u00bb.<\/p>\n<p>Pour atteindre cet objectif, les unit\u00e9s de l\u2019ESS seront appuy\u00e9es pour valoriser, d\u00e9velopper et commercialiser leurs produits de terroir afin qu\u2019ils r\u00e9pondent aux besoins du march\u00e9 national et international. Ce dispositif vise, en outre, \u00e0 renforcer la comp\u00e9titivit\u00e9 des produits des groupements professionnels, d\u00e9velopper leurs activit\u00e9s, soutenir le d\u00e9veloppement agricole, r\u00e9habiliter l\u2019ESS dans la r\u00e9gion, cr\u00e9er des opportunit\u00e9s d\u2019emploi, et am\u00e9liorer les conditions de vie des adh\u00e9rents des groupements professionnels b\u00e9n\u00e9ficiant du programme. Il est \u00e0 souligner qu\u2019une approche bas\u00e9e sur le diagnostic participatif sera appliqu\u00e9e aux organisations professionnelles sur le plan de l\u2019organisation, la gouvernance, la strat\u00e9gie de commercialisation utilis\u00e9e, ainsi que la d\u00e9termination des march\u00e9s cibles, l\u2019adaptation du produit aux crit\u00e8res sanitaires, l\u2019\u00e9laboration de plans de travail d\u00e9taill\u00e9s.<\/p>\n<p>La finalit\u00e9 \u00e9tant de d\u00e9velopper les activit\u00e9s des organisations b\u00e9n\u00e9ficiaires, former et accompagner les organisations professionnelles pour ex\u00e9cuter leurs plans de travail. Le soutien pr\u00e9vu dans le cadre de ce programme comprend la construction et l\u2019am\u00e9nagement des unit\u00e9s de production afin d\u2019obtenir des licences et des agr\u00e9ments sanitaires, la fourniture et achat des \u00e9quipements, la structuration, organisation, formation, et soutien dans le domaine de la commercialisation pour pouvoir acc\u00e9der aux march\u00e9s structur\u00e9s et la facilitation de l\u2019acc\u00e8s aux cr\u00e9dits bancaires.<\/p>\n<p>A noter que les 36 millions de dirhams objet de la convention seront mobilis\u00e9s dans le cadre de la convention de partenariat entre la Fondation Mohammed V pour la solidarit\u00e9 (15 MDH), le Conseil de la r\u00e9gion de Tanger-T\u00e9touan-Al Hoceima (15 MDH) et l\u2019Agence pour la promotion et le d\u00e9veloppement du nord (APDN, 6 MDH), en plus de l\u2019encadrement et accompagnement assur\u00e9 par la direction r\u00e9gionale de l\u2019Agriculture.<\/p>\n<\/div>\n<p>Auteur: ALM<br \/>\n<a href=\"https:\/\/aujourdhui.ma\/economie\/36-mdh-pour-leconomie-solidaire-et-sociale-dans-le-nord\">Cliquez ici pour lire l&rsquo;article depuis sa source.<\/a><\/p>\n","protected":false},"excerpt":{"rendered":"<p>Visant les groupements professionnels actifs qui op\u00e8rent dans la valorisation des produits de terroir 36 millions de dirhams. Telle est la valeur de la convention multilat\u00e9rale conclue dans la r\u00e9gion Tanger-T\u00e9touan-Al Hoceima pour la promotion des unit\u00e9s de l\u2019\u00e9conomie sociale et solidaires (ESS). \u00abLa convention, portant sur la p\u00e9riode 2022-2024, vise \u00e0 promouvoir l\u2019ESS, \u00e0 [&hellip;]<\/p>\n","protected":false},"author":1759,"featured_media":0,"comment_status":"closed","ping_status":"closed","sticky":false,"template":"","format":"standard","meta":{"fifu_image_url":"https:\/\/aujourdhui.ma\/wp-content\/uploads\/2022\/08\/Produits-de-terroir-300x153.png","fifu_image_alt":"36 MDH pour l\u2019\u00e9conomie solidaire et sociale dans le nord","footnotes":""},"categories":[73,54],"tags":[],"class_list":["post-154384","post","type-post","status-publish","format-standard","hentry","category-actualite","category-maroc"],"_links":{"self":[{"href":"https:\/\/linitiative.ca\/International\/wp-json\/wp\/v2\/posts\/154384","targetHints":{"allow":["GET"]}}],"collection":[{"href":"https:\/\/linitiative.ca\/International\/wp-json\/wp\/v2\/posts"}],"about":[{"href":"https:\/\/linitiative.ca\/International\/wp-json\/wp\/v2\/types\/post"}],"author":[{"embeddable":true,"href":"https:\/\/linitiative.ca\/International\/wp-json\/wp\/v2\/users\/1759"}],"replies":[{"embeddable":true,"href":"https:\/\/linitiative.ca\/International\/wp-json\/wp\/v2\/comments?post=154384"}],"version-history":[{"count":0,"href":"https:\/\/linitiative.ca\/International\/wp-json\/wp\/v2\/posts\/154384\/revisions"}],"wp:attachment":[{"href":"https:\/\/linitiative.ca\/International\/wp-json\/wp\/v2\/media?parent=154384"}],"wp:term":[{"taxonomy":"category","embeddable":true,"href":"https:\/\/linitiative.ca\/International\/wp-json\/wp\/v2\/categories?post=154384"},{"taxonomy":"post_tag","embeddable":true,"href":"https:\/\/linitiative.ca\/International\/wp-json\/wp\/v2\/tags?post=154384"}],"curies":[{"name":"wp","href":"https:\/\/api.w.org\/{rel}","templated":true}]}}