{"id":154397,"date":"2022-08-08T07:46:03","date_gmt":"2022-08-08T11:46:03","guid":{"rendered":"https:\/\/linitiative.ca\/International\/tennis-la-tunisienne-ons-jabeur-conserve-sa-5e-place-au-classement-wta\/"},"modified":"2022-08-08T07:46:03","modified_gmt":"2022-08-08T11:46:03","slug":"tennis-la-tunisienne-ons-jabeur-conserve-sa-5e-place-au-classement-wta","status":"publish","type":"post","link":"https:\/\/linitiative.ca\/International\/tennis-la-tunisienne-ons-jabeur-conserve-sa-5e-place-au-classement-wta\/","title":{"rendered":"Tennis : La Tunisienne Ons Jabeur conserve sa 5e place au classement WTA"},"content":{"rendered":"<div>\n<h3 style=\"text-align: left\"><strong><em>La joueuse de tennis tunisienne Ons Jabeur (27 ans) a conserv\u00e9 sa 5e place au classement international des professionnelles du sport, WTA, dont une mise \u00e0 jour a \u00e9t\u00e9 publi\u00e9e ce lundi 8 ao\u00fbt 2022.<\/em><\/strong><\/h3>\n<h3 style=\"text-align: left\">Deux changements ont \u00e9t\u00e9 enregistr\u00e9s dans le top 10 : l\u2019Espagnole Paula Badosa qui retrouve le podium aux d\u00e9pens de la Grecque Maria Sakkari, d\u00e9sormais 4e, et la Russe Daria Kasatkina qui retrouve le top 10 apr\u00e8s avoir remport\u00e9 le tournoi de San Jos\u00e9.<\/h3>\n<p>The post <a href=\"https:\/\/lexpertjournal.net\/fr\/?p=22660\">Tennis : La Tunisienne Ons Jabeur conserve sa 5e place au classement WTA<\/a> first appeared on <a href=\"https:\/\/lexpertjournal.net\/fr\">L&rsquo;Expert Journal<\/a>.<\/p>\n<\/div>\n<p>Auteur: L&rsquo;expert<br \/>\n<a href=\"https:\/\/lexpertjournal.net\/fr\/?p=22660\">Cliquez ici pour lire l&rsquo;article depuis sa source.<\/a><\/p>\n","protected":false},"excerpt":{"rendered":"<p>La joueuse de tennis tunisienne Ons Jabeur (27 ans) a conserv\u00e9 sa 5e place au classement international des professionnelles du sport, WTA, dont une mise \u00e0 jour a \u00e9t\u00e9 publi\u00e9e ce lundi 8 ao\u00fbt 2022. Deux changements ont \u00e9t\u00e9 enregistr\u00e9s dans le top 10 : l\u2019Espagnole Paula Badosa qui retrouve le podium aux d\u00e9pens de [&hellip;]<\/p>\n","protected":false},"author":1775,"featured_media":0,"comment_status":"closed","ping_status":"closed","sticky":false,"template":"","format":"standard","meta":{"fifu_image_url":"","fifu_image_alt":"","footnotes":""},"categories":[78,55],"tags":[],"class_list":["post-154397","post","type-post","status-publish","format-standard","hentry","category-economie","category-tunisie"],"_links":{"self":[{"href":"https:\/\/linitiative.ca\/International\/wp-json\/wp\/v2\/posts\/154397","targetHints":{"allow":["GET"]}}],"collection":[{"href":"https:\/\/linitiative.ca\/International\/wp-json\/wp\/v2\/posts"}],"about":[{"href":"https:\/\/linitiative.ca\/International\/wp-json\/wp\/v2\/types\/post"}],"author":[{"embeddable":true,"href":"https:\/\/linitiative.ca\/International\/wp-json\/wp\/v2\/users\/1775"}],"replies":[{"embeddable":true,"href":"https:\/\/linitiative.ca\/International\/wp-json\/wp\/v2\/comments?post=154397"}],"version-history":[{"count":0,"href":"https:\/\/linitiative.ca\/International\/wp-json\/wp\/v2\/posts\/154397\/revisions"}],"wp:attachment":[{"href":"https:\/\/linitiative.ca\/International\/wp-json\/wp\/v2\/media?parent=154397"}],"wp:term":[{"taxonomy":"category","embeddable":true,"href":"https:\/\/linitiative.ca\/International\/wp-json\/wp\/v2\/categories?post=154397"},{"taxonomy":"post_tag","embeddable":true,"href":"https:\/\/linitiative.ca\/International\/wp-json\/wp\/v2\/tags?post=154397"}],"curies":[{"name":"wp","href":"https:\/\/api.w.org\/{rel}","templated":true}]}}