{"id":154398,"date":"2022-08-08T07:48:27","date_gmt":"2022-08-08T11:48:27","guid":{"rendered":"https:\/\/linitiative.ca\/International\/tunisie-securite-routiere-un-mois-de-juillet-moins-meurtrier\/"},"modified":"2022-08-08T07:48:27","modified_gmt":"2022-08-08T11:48:27","slug":"tunisie-securite-routiere-un-mois-de-juillet-moins-meurtrier","status":"publish","type":"post","link":"https:\/\/linitiative.ca\/International\/tunisie-securite-routiere-un-mois-de-juillet-moins-meurtrier\/","title":{"rendered":"Tunisie-S\u00e9curit\u00e9 routi\u00e8re : un mois de juillet moins meurtrier"},"content":{"rendered":"<div>\n<h3 style=\"text-align: left\"><strong><em>Faut-il s\u2019en f\u00e9liciter\u00a0: le nombre de morts dans les accidents de la route en Tunisie est pass\u00e9 de 131 en juillet 2021 \u00e0 106 en juillet 2021, soit une baisse de 19%. Le nombre de bless\u00e9s a \u00e9galement baiss\u00e9 de 42%.<\/em><\/strong><\/h3>\n<h3 style=\"text-align: left\">Il n\u2019en reste pas moins que ces chiffres restent relativement \u00e9lev\u00e9s et une meilleure discipline sur les routes permettra de sauver des vies et d\u2019\u00e9viter d\u2019en d\u00e9truire d\u2019autres, certaines blessures laissant des s\u00e9quelles \u00e0 vie.<\/h3>\n<h3 style=\"text-align: left\">Pour revenir aux statistiques, le gouvernorat de Tunis s\u2019est class\u00e9 premier en termes de tu\u00e9s sur les routes en juillet 2022, avec 13 suivis de Sfax (11), Kairouan, M\u00e9denine et Bizerte (8 chacun), selon les donn\u00e9es du comit\u00e9 de pilotage du programme\u00a0<em>\u00ab\u00d4tla Amina\u00bb<\/em>\u00a0(vacance en s\u00e9curit\u00e9) de l\u2019Observatoire national de la s\u00e9curit\u00e9 routi\u00e8re (ONSR).<\/h3>\n<h3 style=\"text-align: left\">K\u00e9bili est le seul gouvernorat de Tunisie \u00e0 n\u2019avoir connu aucun accident de la route mortel en juillet dernier.<\/h3>\n<h3 style=\"text-align: left\">En revanche, le gouvernorat de Tunis fait \u00e9tat de 75 bless\u00e9s, suivi de Nabeul (66) et de Gab\u00e8s (43).<\/h3>\n<h3 style=\"text-align: left\">Le programme\u00a0<em>\u00ab\u00d4tla Amina\u00bb<\/em>, plac\u00e9 cette ann\u00e9e sous le slogan\u00a0<em>\u00abPour la s\u00e9curit\u00e9 des citoyens\u00bb<\/em>, se d\u00e9roule du 1er juillet au 17 septembre. Il vise \u00e0 r\u00e9duire autant que possible le nombre d\u2019accidents de la circulation.<\/h3>\n<p>The post <a href=\"https:\/\/lexpertjournal.net\/fr\/?p=22664\">Tunisie-S\u00e9curit\u00e9 routi\u00e8re : un mois de juillet moins meurtrier<\/a> first appeared on <a href=\"https:\/\/lexpertjournal.net\/fr\">L&rsquo;Expert Journal<\/a>.<\/p>\n<\/div>\n<p>Auteur: L&rsquo;expert<br \/>\n<a href=\"https:\/\/lexpertjournal.net\/fr\/?p=22664\">Cliquez ici pour lire l&rsquo;article depuis sa source.<\/a><\/p>\n","protected":false},"excerpt":{"rendered":"<p>Faut-il s\u2019en f\u00e9liciter\u00a0: le nombre de morts dans les accidents de la route en Tunisie est pass\u00e9 de 131 en juillet 2021 \u00e0 106 en juillet 2021, soit une baisse de 19%. Le nombre de bless\u00e9s a \u00e9galement baiss\u00e9 de 42%. Il n\u2019en reste pas moins que ces chiffres restent relativement \u00e9lev\u00e9s et une meilleure [&hellip;]<\/p>\n","protected":false},"author":1775,"featured_media":0,"comment_status":"closed","ping_status":"closed","sticky":false,"template":"","format":"standard","meta":{"fifu_image_url":"","fifu_image_alt":"","footnotes":""},"categories":[78,55],"tags":[],"class_list":["post-154398","post","type-post","status-publish","format-standard","hentry","category-economie","category-tunisie"],"_links":{"self":[{"href":"https:\/\/linitiative.ca\/International\/wp-json\/wp\/v2\/posts\/154398","targetHints":{"allow":["GET"]}}],"collection":[{"href":"https:\/\/linitiative.ca\/International\/wp-json\/wp\/v2\/posts"}],"about":[{"href":"https:\/\/linitiative.ca\/International\/wp-json\/wp\/v2\/types\/post"}],"author":[{"embeddable":true,"href":"https:\/\/linitiative.ca\/International\/wp-json\/wp\/v2\/users\/1775"}],"replies":[{"embeddable":true,"href":"https:\/\/linitiative.ca\/International\/wp-json\/wp\/v2\/comments?post=154398"}],"version-history":[{"count":0,"href":"https:\/\/linitiative.ca\/International\/wp-json\/wp\/v2\/posts\/154398\/revisions"}],"wp:attachment":[{"href":"https:\/\/linitiative.ca\/International\/wp-json\/wp\/v2\/media?parent=154398"}],"wp:term":[{"taxonomy":"category","embeddable":true,"href":"https:\/\/linitiative.ca\/International\/wp-json\/wp\/v2\/categories?post=154398"},{"taxonomy":"post_tag","embeddable":true,"href":"https:\/\/linitiative.ca\/International\/wp-json\/wp\/v2\/tags?post=154398"}],"curies":[{"name":"wp","href":"https:\/\/api.w.org\/{rel}","templated":true}]}}