{"id":154400,"date":"2022-08-08T07:56:22","date_gmt":"2022-08-08T11:56:22","guid":{"rendered":"https:\/\/linitiative.ca\/International\/ticad-8-le-premier-ministre-japonais-sera-pour-la-premiere-fois-en-tunisie-et-au-maghreb\/"},"modified":"2022-08-08T07:56:22","modified_gmt":"2022-08-08T11:56:22","slug":"ticad-8-le-premier-ministre-japonais-sera-pour-la-premiere-fois-en-tunisie-et-au-maghreb","status":"publish","type":"post","link":"https:\/\/linitiative.ca\/International\/ticad-8-le-premier-ministre-japonais-sera-pour-la-premiere-fois-en-tunisie-et-au-maghreb\/","title":{"rendered":"Ticad 8 : Le premier ministre japonais sera, pour la premi\u00e8re fois, en Tunisie et au Maghreb"},"content":{"rendered":"<div>\n<p><em><strong>Le\u00a0coordinateur g\u00e9n\u00e9ral de la Conf\u00e9rence internationale de Tokyo sur le d\u00e9veloppement de l\u2019Afrique (Ticad 8), Ka\u00efs Darragi, a indiqu\u00e9, aujourd\u2019hui, lundi 8 ao\u00fbt 2022, que dans le cadre de ladite conf\u00e9rence, le premier ministre japonais, Fumio Kishida, sera pour la premi\u00e8re fois en Tunisie et au Maghreb, suite \u00e0 l\u2019invitation du pr\u00e9sident de la r\u00e9publique, Ka\u00efs Sa\u00efed.<\/strong><\/em><\/p>\n<p>Intervenu sur Shems FM, Darragi a estim\u00e9 que cette venue est d\u2019une grande importance, notamment sur le plan financier et par rapport aux investissements en Tunisie.<\/p>\n<p>Le responsable a, par ailleurs, soulign\u00e9 que 100 hommes et femmes d\u2019affaires japonais, repr\u00e9sentant 50 grandes entreprises japonaises de renomm\u00e9e mondiale, seront \u00e9galement pr\u00e9sents \u00e0 la Ticad 8, en plus de tous les chefs d\u2019\u00c9tat africains.<\/p>\n<p>Il y aura \u00e9galement plusieurs organisations japonaises et entrepreneurs Tunisiens et Africains, a-t-il ajout\u00e9.<\/p>\n<p>Rappelons que la Ticad 8 se tiendra en Tunisie les 27 et 28 ao\u00fbt 2022.<\/p>\n<p>The post <a href=\"https:\/\/lexpertjournal.net\/fr\/?p=22670\">Ticad 8 : Le premier ministre japonais sera, pour la premi\u00e8re fois, en Tunisie et au Maghreb<\/a> first appeared on <a href=\"https:\/\/lexpertjournal.net\/fr\">L&rsquo;Expert Journal<\/a>.<\/p>\n<\/div>\n<p>Auteur: L&rsquo;expert<br \/>\n<a href=\"https:\/\/lexpertjournal.net\/fr\/?p=22670\">Cliquez ici pour lire l&rsquo;article depuis sa source.<\/a><\/p>\n","protected":false},"excerpt":{"rendered":"<p>Le\u00a0coordinateur g\u00e9n\u00e9ral de la Conf\u00e9rence internationale de Tokyo sur le d\u00e9veloppement de l\u2019Afrique (Ticad 8), Ka\u00efs Darragi, a indiqu\u00e9, aujourd\u2019hui, lundi 8 ao\u00fbt 2022, que dans le cadre de ladite conf\u00e9rence, le premier ministre japonais, Fumio Kishida, sera pour la premi\u00e8re fois en Tunisie et au Maghreb, suite \u00e0 l\u2019invitation du pr\u00e9sident de la r\u00e9publique, [&hellip;]<\/p>\n","protected":false},"author":1775,"featured_media":0,"comment_status":"closed","ping_status":"closed","sticky":false,"template":"","format":"standard","meta":{"fifu_image_url":"","fifu_image_alt":"","footnotes":""},"categories":[78,55],"tags":[],"class_list":["post-154400","post","type-post","status-publish","format-standard","hentry","category-economie","category-tunisie"],"_links":{"self":[{"href":"https:\/\/linitiative.ca\/International\/wp-json\/wp\/v2\/posts\/154400","targetHints":{"allow":["GET"]}}],"collection":[{"href":"https:\/\/linitiative.ca\/International\/wp-json\/wp\/v2\/posts"}],"about":[{"href":"https:\/\/linitiative.ca\/International\/wp-json\/wp\/v2\/types\/post"}],"author":[{"embeddable":true,"href":"https:\/\/linitiative.ca\/International\/wp-json\/wp\/v2\/users\/1775"}],"replies":[{"embeddable":true,"href":"https:\/\/linitiative.ca\/International\/wp-json\/wp\/v2\/comments?post=154400"}],"version-history":[{"count":0,"href":"https:\/\/linitiative.ca\/International\/wp-json\/wp\/v2\/posts\/154400\/revisions"}],"wp:attachment":[{"href":"https:\/\/linitiative.ca\/International\/wp-json\/wp\/v2\/media?parent=154400"}],"wp:term":[{"taxonomy":"category","embeddable":true,"href":"https:\/\/linitiative.ca\/International\/wp-json\/wp\/v2\/categories?post=154400"},{"taxonomy":"post_tag","embeddable":true,"href":"https:\/\/linitiative.ca\/International\/wp-json\/wp\/v2\/tags?post=154400"}],"curies":[{"name":"wp","href":"https:\/\/api.w.org\/{rel}","templated":true}]}}