{"id":154411,"date":"2022-08-08T13:00:19","date_gmt":"2022-08-08T17:00:19","guid":{"rendered":"https:\/\/linitiative.ca\/International\/campagne-cerealiere-2021-2022-lessentiel-du-communique-du-ministere\/"},"modified":"2022-08-08T13:00:19","modified_gmt":"2022-08-08T17:00:19","slug":"campagne-cerealiere-2021-2022-lessentiel-du-communique-du-ministere","status":"publish","type":"post","link":"https:\/\/linitiative.ca\/International\/campagne-cerealiere-2021-2022-lessentiel-du-communique-du-ministere\/","title":{"rendered":"Campagne c\u00e9r\u00e9ali\u00e8re 2021\/2022: l\u2019essentiel du communiqu\u00e9 du minist\u00e8re"},"content":{"rendered":"<div>\n<div style=\"margin-bottom:20px;\"><img loading=\"lazy\" decoding=\"async\" width=\"750\" height=\"430\" src=\"https:\/\/linitiative.ca\/International\/wp-content\/uploads\/sites\/23\/2022\/08\/Batiment-MinistC3A8re-de-lAgriculture-et-de-la-PC3AAche-Maritime-M750C397430-MAP.jpg\" class=\"attachment-post-thumbnail size-post-thumbnail wp-post-image\" alt=\"\" srcset=\"https:\/\/linitiative.ca\/International\/wp-content\/uploads\/sites\/23\/2022\/08\/Batiment-MinistC3A8re-de-lAgriculture-et-de-la-PC3AAche-Maritime-M750C397430-MAP.jpg 750w, https:\/\/www.mapoujda.ma\/map\/uploads\/2021\/04\/Batiment-Minist\u00e8re-de-lAgriculture-et-de-la-P\u00eache-Maritime-M750\u00d7430-MAP-300x172.jpg 300w\" sizes=\"auto, (max-width: 750px) 100vw, 750px\"><\/div>\n<p style=\"text-align: justify;\">Voici l\u2019essentiel du communiqu\u00e9 du minist\u00e8re de l\u2019Agriculture, de la p\u00eache maritime, du d\u00e9veloppement rural et des eaux et for\u00eats, sur le bilan d\u00e9finitif de la campagne c\u00e9r\u00e9ali\u00e8re 2021\/2022:<\/p>\n<p style=\"text-align: justify;\">\u2022 Production d\u00e9finitive des c\u00e9r\u00e9ales principales: 34 millions de quintaux (Mqx).<\/p>\n<p style=\"text-align: justify;\">\u00a0\u00a0 \u2013 Bl\u00e9 tendre: 18,9 Mqx.<\/p>\n<p style=\"text-align: justify;\">\u00a0\u00a0 \u2013 Bl\u00e9 dur: 8,1\u00a0 Mqx.<\/p>\n<p style=\"text-align: justify;\">\u00a0\u00a0 \u2013 Orge: 7\u00a0 Mqx.<\/p>\n<p style=\"text-align: justify;\">\u2022 Superficie c\u00e9r\u00e9ali\u00e8re sem\u00e9e: 3,6 millions d\u2019hectares.<\/p>\n<p style=\"text-align: justify;\">\u2022 58% de la production provient des r\u00e9gions favorables de F\u00e8s-Mekn\u00e8s et de Rabat-Sal\u00e9-K\u00e9nitra.<\/p>\n<p style=\"text-align: justify;\">\u2022 Les c\u00e9r\u00e9ales irrigu\u00e9es n\u2019ont contribu\u00e9 qu\u2019\u00e0 hauteur de 20,7% de la production totale.<\/p>\n<p style=\"text-align: justify;\">\u2022 La campagne agricole 2021\/2022 a enregistr\u00e9 une pluviom\u00e9trie qui a atteint \u00e0 fin mai 2022, 199 mm, en baisse de 44% par rapport \u00e0 la moyenne de 30 ans (355 mm) et en diminution de 34% par rapport \u00e0 la campagne pr\u00e9c\u00e9dente (303 mm) \u00e0 la m\u00eame date.<\/p>\n<p style=\"text-align: justify;\">\u2022 La valeur ajout\u00e9e pr\u00e9visionnelle devrait enregistrer un recul de 14%, lequel se traduirait par une baisse de points de croissance de 1,8.<\/p>\n<p>L\u2019article <a rel=\"nofollow\" href=\"https:\/\/www.mapoujda.ma\/fr\/campagne-cerealiere-2021-2022-lessentiel-du-communique-du-ministere\/\">Campagne c\u00e9r\u00e9ali\u00e8re 2021\/2022: l\u2019essentiel du communiqu\u00e9 du minist\u00e8re<\/a> est apparu en premier sur <a rel=\"nofollow\" href=\"https:\/\/www.mapoujda.ma\/fr\">MapOujda<\/a>.<\/p>\n<\/div>\n<p>Auteur: Soufiane ELAHMAR<br \/>\n<a href=\"https:\/\/www.mapoujda.ma\/fr\/campagne-cerealiere-2021-2022-lessentiel-du-communique-du-ministere\/\">Cliquez ici pour lire l&rsquo;article depuis sa source.<\/a><\/p>\n","protected":false},"excerpt":{"rendered":"<p>Voici l\u2019essentiel du communiqu\u00e9 du minist\u00e8re de l\u2019Agriculture, de la p\u00eache maritime, du d\u00e9veloppement rural et des eaux et for\u00eats, sur le bilan d\u00e9finitif de la campagne c\u00e9r\u00e9ali\u00e8re 2021\/2022: \u2022 Production d\u00e9finitive des c\u00e9r\u00e9ales principales: 34 millions de quintaux (Mqx). \u00a0\u00a0 \u2013 Bl\u00e9 tendre: 18,9 Mqx. \u00a0\u00a0 \u2013 Bl\u00e9 dur: 8,1\u00a0 Mqx. \u00a0\u00a0 \u2013 Orge: [&hellip;]<\/p>\n","protected":false},"author":1788,"featured_media":0,"comment_status":"closed","ping_status":"closed","sticky":false,"template":"","format":"standard","meta":{"fifu_image_url":"https:\/\/www.mapoujda.ma\/map\/uploads\/2021\/04\/Batiment-Minist\u00e8re-de-lAgriculture-et-de-la-P\u00eache-Maritime-M750\u00d7430-MAP.jpg","fifu_image_alt":"Campagne c\u00e9r\u00e9ali\u00e8re 2021\/2022: l\u2019essentiel du communiqu\u00e9 du minist\u00e8re","footnotes":""},"categories":[54,76],"tags":[],"class_list":["post-154411","post","type-post","status-publish","format-standard","hentry","category-maroc","category-regions"],"_links":{"self":[{"href":"https:\/\/linitiative.ca\/International\/wp-json\/wp\/v2\/posts\/154411","targetHints":{"allow":["GET"]}}],"collection":[{"href":"https:\/\/linitiative.ca\/International\/wp-json\/wp\/v2\/posts"}],"about":[{"href":"https:\/\/linitiative.ca\/International\/wp-json\/wp\/v2\/types\/post"}],"author":[{"embeddable":true,"href":"https:\/\/linitiative.ca\/International\/wp-json\/wp\/v2\/users\/1788"}],"replies":[{"embeddable":true,"href":"https:\/\/linitiative.ca\/International\/wp-json\/wp\/v2\/comments?post=154411"}],"version-history":[{"count":0,"href":"https:\/\/linitiative.ca\/International\/wp-json\/wp\/v2\/posts\/154411\/revisions"}],"wp:attachment":[{"href":"https:\/\/linitiative.ca\/International\/wp-json\/wp\/v2\/media?parent=154411"}],"wp:term":[{"taxonomy":"category","embeddable":true,"href":"https:\/\/linitiative.ca\/International\/wp-json\/wp\/v2\/categories?post=154411"},{"taxonomy":"post_tag","embeddable":true,"href":"https:\/\/linitiative.ca\/International\/wp-json\/wp\/v2\/tags?post=154411"}],"curies":[{"name":"wp","href":"https:\/\/api.w.org\/{rel}","templated":true}]}}