{"id":154415,"date":"2022-08-08T10:29:17","date_gmt":"2022-08-08T14:29:17","guid":{"rendered":"https:\/\/linitiative.ca\/International\/francais-accuse-par-le-fbi-la-justice-marocaine-favorable-a-lextradition-aux-etats-unis\/"},"modified":"2022-08-08T10:29:17","modified_gmt":"2022-08-08T14:29:17","slug":"francais-accuse-par-le-fbi-la-justice-marocaine-favorable-a-lextradition-aux-etats-unis","status":"publish","type":"post","link":"https:\/\/linitiative.ca\/International\/francais-accuse-par-le-fbi-la-justice-marocaine-favorable-a-lextradition-aux-etats-unis\/","title":{"rendered":"Fran\u00e7ais accus\u00e9 par le FBI: La justice marocaine favorable \u00e0 l&rsquo;extradition aux Etats-Unis"},"content":{"rendered":"<div>\n<div class=\"field field-name-body field-type-text-with-summary field-label-hidden\">\n<div class=\"field-items\">\n<div class=\"field-item even\" property=\"content:encoded\">\n<p class=\"rtejustify\">Du nouveau dans l&rsquo;affaire S\u00e9bastien Raoult, l&rsquo;\u00e9tudiant fran\u00e7ais accus\u00e9 par le FBI dans une affaire de cybercriminalit\u00e9. La Cour de Cassation du Maroc a prononc\u00e9 un \u00ab\u00a0avis favorable\u00a0\u00bb \u00e0 l&rsquo;extradition vers les Etats-Unis du Fran\u00e7ais, indique lundi l&rsquo;AFP, citant un document officiel.<\/p>\n<\/div>\n<\/div>\n<\/div>\n<\/div>\n<p>Auteur: hgueye<br \/>\n<a href=\"https:\/\/www.leconomiste.com\/flash-infos\/francais-accuse-par-le-fbi-la-justice-marocaine-favorable-l-extradition-aux-etats-unis\">Cliquez ici pour lire l&rsquo;article depuis sa source.<\/a><\/p>\n","protected":false},"excerpt":{"rendered":"<p>Du nouveau dans l&rsquo;affaire S\u00e9bastien Raoult, l&rsquo;\u00e9tudiant fran\u00e7ais accus\u00e9 par le FBI dans une affaire de cybercriminalit\u00e9. La Cour de Cassation du Maroc a prononc\u00e9 un \u00ab\u00a0avis favorable\u00a0\u00bb \u00e0 l&rsquo;extradition vers les Etats-Unis du Fran\u00e7ais, indique lundi l&rsquo;AFP, citant un document officiel. Auteur: hgueye Cliquez ici pour lire l&rsquo;article depuis sa source.<\/p>\n","protected":false},"author":1763,"featured_media":0,"comment_status":"closed","ping_status":"closed","sticky":false,"template":"","format":"standard","meta":{"fifu_image_url":"","fifu_image_alt":"","footnotes":""},"categories":[78,54],"tags":[],"class_list":["post-154415","post","type-post","status-publish","format-standard","hentry","category-economie","category-maroc"],"_links":{"self":[{"href":"https:\/\/linitiative.ca\/International\/wp-json\/wp\/v2\/posts\/154415","targetHints":{"allow":["GET"]}}],"collection":[{"href":"https:\/\/linitiative.ca\/International\/wp-json\/wp\/v2\/posts"}],"about":[{"href":"https:\/\/linitiative.ca\/International\/wp-json\/wp\/v2\/types\/post"}],"author":[{"embeddable":true,"href":"https:\/\/linitiative.ca\/International\/wp-json\/wp\/v2\/users\/1763"}],"replies":[{"embeddable":true,"href":"https:\/\/linitiative.ca\/International\/wp-json\/wp\/v2\/comments?post=154415"}],"version-history":[{"count":0,"href":"https:\/\/linitiative.ca\/International\/wp-json\/wp\/v2\/posts\/154415\/revisions"}],"wp:attachment":[{"href":"https:\/\/linitiative.ca\/International\/wp-json\/wp\/v2\/media?parent=154415"}],"wp:term":[{"taxonomy":"category","embeddable":true,"href":"https:\/\/linitiative.ca\/International\/wp-json\/wp\/v2\/categories?post=154415"},{"taxonomy":"post_tag","embeddable":true,"href":"https:\/\/linitiative.ca\/International\/wp-json\/wp\/v2\/tags?post=154415"}],"curies":[{"name":"wp","href":"https:\/\/api.w.org\/{rel}","templated":true}]}}