{"id":154427,"date":"2022-08-08T05:59:00","date_gmt":"2022-08-08T09:59:00","guid":{"rendered":"https:\/\/linitiative.ca\/International\/faire-de-la-tunisie-une-plateforme-de-cooperation-tunisie-japon-afrique\/"},"modified":"2022-08-08T05:59:00","modified_gmt":"2022-08-08T09:59:00","slug":"faire-de-la-tunisie-une-plateforme-de-cooperation-tunisie-japon-afrique","status":"publish","type":"post","link":"https:\/\/linitiative.ca\/International\/faire-de-la-tunisie-une-plateforme-de-cooperation-tunisie-japon-afrique\/","title":{"rendered":"Faire de la Tunisie une plateforme de coop\u00e9ration: Tunisie \u2022 Japon \u2022 Afrique"},"content":{"rendered":"<div><img decoding=\"async\" src=\"https:\/\/linitiative.ca\/International\/wp-content\/uploads\/sites\/23\/2022\/08\/1659951250_article.jpg\" alt=\"Faire de la Tunisie une plateforme de coop\u00e9ration: Tunisie \u2022 Japon \u2022 Afrique\" align=\"left\">Des dizaines de chefs d\u2019Etat et de gouvernement de pays africains, le Premier ministre du Japon, des centaines d\u2019officiels et plusieurs centaines de dirigeants de grandes entreprises japonaises et africaines, ainsi que des investisseurs et des repr\u00e9sentants d\u2019organismes r\u00e9gionaux et internationaux, seront tous pr\u00e9sents. La tenue \u00e0 Tunis, les 27 et 28 ao\u00fbt 2022, de la 8e Conf\u00e9rence internationale de Tokyo sur le d\u00e9veloppement de l\u2019Afrique (Ticad 8) constituera un grand \u00e9v\u00e8nement international. C\u2019est le premier pour la Tunisie, comme pour le Japon, depuis les restrictions impos\u00e9es par la pand\u00e9mie de Covid-19. <\/p>\n<p>L\u2019enjeu essentiel pour la Tunisie est multiple: <\/p>\n<p>\u2022 &#8230;<\/p>\n<\/div>\n<p>Auteur:<br \/>\n<a href=\"https:\/\/www.leaders.com.tn\/article\/33685-faire-de-la-tunisie-une-plateforme-de-cooperation-tunisie-japon-afrique\">Cliquez ici pour lire l&rsquo;article depuis sa source.<\/a><\/p>\n","protected":false},"excerpt":{"rendered":"<p>Des dizaines de chefs d\u2019Etat et de gouvernement de pays africains, le Premier ministre du Japon, des centaines d\u2019officiels et plusieurs centaines de dirigeants de grandes entreprises japonaises et africaines, ainsi que des investisseurs et des repr\u00e9sentants d\u2019organismes r\u00e9gionaux et internationaux, seront tous pr\u00e9sents. La tenue \u00e0 Tunis, les 27 et 28 ao\u00fbt 2022, de [&hellip;]<\/p>\n","protected":false},"author":1772,"featured_media":0,"comment_status":"closed","ping_status":"closed","sticky":false,"template":"","format":"standard","meta":{"fifu_image_url":"http:\/\/www.leaders.com.tn\/uploads\/content\/thumbnails_small\/1659951250_article.jpg","fifu_image_alt":"Faire de la Tunisie une plateforme de coop\u00e9ration: Tunisie \u2022 Japon \u2022 Afrique","footnotes":""},"categories":[73,55],"tags":[],"class_list":["post-154427","post","type-post","status-publish","format-standard","hentry","category-actualite","category-tunisie"],"_links":{"self":[{"href":"https:\/\/linitiative.ca\/International\/wp-json\/wp\/v2\/posts\/154427","targetHints":{"allow":["GET"]}}],"collection":[{"href":"https:\/\/linitiative.ca\/International\/wp-json\/wp\/v2\/posts"}],"about":[{"href":"https:\/\/linitiative.ca\/International\/wp-json\/wp\/v2\/types\/post"}],"author":[{"embeddable":true,"href":"https:\/\/linitiative.ca\/International\/wp-json\/wp\/v2\/users\/1772"}],"replies":[{"embeddable":true,"href":"https:\/\/linitiative.ca\/International\/wp-json\/wp\/v2\/comments?post=154427"}],"version-history":[{"count":0,"href":"https:\/\/linitiative.ca\/International\/wp-json\/wp\/v2\/posts\/154427\/revisions"}],"wp:attachment":[{"href":"https:\/\/linitiative.ca\/International\/wp-json\/wp\/v2\/media?parent=154427"}],"wp:term":[{"taxonomy":"category","embeddable":true,"href":"https:\/\/linitiative.ca\/International\/wp-json\/wp\/v2\/categories?post=154427"},{"taxonomy":"post_tag","embeddable":true,"href":"https:\/\/linitiative.ca\/International\/wp-json\/wp\/v2\/tags?post=154427"}],"curies":[{"name":"wp","href":"https:\/\/api.w.org\/{rel}","templated":true}]}}