{"id":154429,"date":"2022-08-08T08:13:00","date_gmt":"2022-08-08T12:13:00","guid":{"rendered":"https:\/\/linitiative.ca\/International\/francois-hollande-plaide-pour-une-relance-du-partenariat-avec-le-maghreb\/"},"modified":"2022-08-08T08:13:00","modified_gmt":"2022-08-08T12:13:00","slug":"francois-hollande-plaide-pour-une-relance-du-partenariat-avec-le-maghreb","status":"publish","type":"post","link":"https:\/\/linitiative.ca\/International\/francois-hollande-plaide-pour-une-relance-du-partenariat-avec-le-maghreb\/","title":{"rendered":"Fran\u00e7ois Hollande plaide pour une relance du partenariat avec le Maghreb"},"content":{"rendered":"<div><img decoding=\"async\" src=\"https:\/\/linitiative.ca\/International\/wp-content\/uploads\/sites\/23\/2022\/08\/1659957884_article.jpg\" alt=\"Fran\u00e7ois Hollande plaide pour une relance du partenariat avec le Maghreb\" align=\"left\">\u00ab\u00a0Le moment est-il venu, face aux bouleversements qui secouent le monde, de relancer notre partenariat avec l\u2019ensemble du Maghreb, de mettre sur la table tous les sujets qui pourraient nous \u00e9loigner et de consolider ce qui nous rassemble pour nous faire franchir une nouvelle \u00e9tape. Rapidement.\u00a0\u00bb C\u2019est ce qu\u2019\u00e9crit l\u2019ancien pr\u00e9sident fran\u00e7ais, Fran\u00e7ois Hollande dans une tribune publi\u00e9e ce lundi au journal Le Figaro. Plaidant pour une relance du partenariat avec le Maghreb, il estime aussi que\u00a0: \u00ab\u00a0une v\u00e9ritable politique m\u00e9diterran\u00e9enne s\u2019impose pour faire face aux enjeux d\u2019avenir.\u00a0\u00bb<br \/>\nLe pr\u00e9sident Hollande \u00e9voque de nombreux enjeux communs, comme les questions &#8230;<\/p>\n<\/div>\n<p>Auteur:<br \/>\n<a href=\"https:\/\/www.leaders.com.tn\/article\/33687-francois-hollande-plaide-pour-une-relance-du-partenariat-avec-le-maghreb\">Cliquez ici pour lire l&rsquo;article depuis sa source.<\/a><\/p>\n","protected":false},"excerpt":{"rendered":"<p>\u00ab\u00a0Le moment est-il venu, face aux bouleversements qui secouent le monde, de relancer notre partenariat avec l\u2019ensemble du Maghreb, de mettre sur la table tous les sujets qui pourraient nous \u00e9loigner et de consolider ce qui nous rassemble pour nous faire franchir une nouvelle \u00e9tape. Rapidement.\u00a0\u00bb C\u2019est ce qu\u2019\u00e9crit l\u2019ancien pr\u00e9sident fran\u00e7ais, Fran\u00e7ois Hollande dans [&hellip;]<\/p>\n","protected":false},"author":1772,"featured_media":0,"comment_status":"closed","ping_status":"closed","sticky":false,"template":"","format":"standard","meta":{"fifu_image_url":"http:\/\/www.leaders.com.tn\/uploads\/content\/thumbnails_small\/1659957884_article.jpg","fifu_image_alt":"Fran\u00e7ois Hollande plaide pour une relance du partenariat avec le Maghreb","footnotes":""},"categories":[73,55],"tags":[],"class_list":["post-154429","post","type-post","status-publish","format-standard","hentry","category-actualite","category-tunisie"],"_links":{"self":[{"href":"https:\/\/linitiative.ca\/International\/wp-json\/wp\/v2\/posts\/154429","targetHints":{"allow":["GET"]}}],"collection":[{"href":"https:\/\/linitiative.ca\/International\/wp-json\/wp\/v2\/posts"}],"about":[{"href":"https:\/\/linitiative.ca\/International\/wp-json\/wp\/v2\/types\/post"}],"author":[{"embeddable":true,"href":"https:\/\/linitiative.ca\/International\/wp-json\/wp\/v2\/users\/1772"}],"replies":[{"embeddable":true,"href":"https:\/\/linitiative.ca\/International\/wp-json\/wp\/v2\/comments?post=154429"}],"version-history":[{"count":0,"href":"https:\/\/linitiative.ca\/International\/wp-json\/wp\/v2\/posts\/154429\/revisions"}],"wp:attachment":[{"href":"https:\/\/linitiative.ca\/International\/wp-json\/wp\/v2\/media?parent=154429"}],"wp:term":[{"taxonomy":"category","embeddable":true,"href":"https:\/\/linitiative.ca\/International\/wp-json\/wp\/v2\/categories?post=154429"},{"taxonomy":"post_tag","embeddable":true,"href":"https:\/\/linitiative.ca\/International\/wp-json\/wp\/v2\/tags?post=154429"}],"curies":[{"name":"wp","href":"https:\/\/api.w.org\/{rel}","templated":true}]}}