{"id":15444,"date":"2019-02-19T09:21:36","date_gmt":"2019-02-19T14:21:36","guid":{"rendered":"https:\/\/linitiative.ca\/International\/tunisie-video-beji-caid-sebsi-attribue-lordre-de-la-republique-a-hamdi-meddeb\/"},"modified":"2019-02-19T09:21:36","modified_gmt":"2019-02-19T14:21:36","slug":"tunisie-video-beji-caid-sebsi-attribue-lordre-de-la-republique-a-hamdi-meddeb","status":"publish","type":"post","link":"https:\/\/linitiative.ca\/International\/tunisie-video-beji-caid-sebsi-attribue-lordre-de-la-republique-a-hamdi-meddeb\/","title":{"rendered":"Tunisie-[vid\u00e9o] Beji Ca\u00efd Sebsi attribue l\u2019Ordre de la R\u00e9publique \u00e0 Hamdi Meddeb"},"content":{"rendered":"<div class=\"post-cont-in left relative\">\n<div class=\"nc_socialPanel swp_flatFresh swp_d_fullColor swp_i_fullColor swp_o_fullColor scale-100 scale-fullWidth\" data-position=\"none\" data-float=\"floatNone\" data-count=\"5\" data-floatcolor=\"#ffffff\" data-emphasize=\"0\">\n<div class=\"nc_tweetContainer totes totesalt\" data-id=\"6\"><span class=\"swp_count\"><span class=\"swp_label\">Partages<\/span> 10<\/span><\/div>\n<\/div>\n<p>Le pr\u00e9sident de la R\u00e9publique Beji Caid Sebsi, a re\u00e7u ce\u00a0mardi 19 f\u00e9vrier 2019, le pr\u00e9sident de l\u2019Esp\u00e9rance sportive de Tunis, Hamdi Medeb, au palais pr\u00e9sidentiel de Carthage.<\/p>\n<p>Dans ce contexte et en marge du centenaire du club de Bab Souika, le chef de l\u2019Etat a attribu\u00e9 l\u2019Ordre de la R\u00e9publique \u00e0 monsieur Medeb.<\/p>\n<div class=\"code-block code-block-1 c5\"><ins class=\"adsbygoogle c4\" data-ad-layout=\"in-article\" data-ad-format=\"fluid\" data-ad-client=\"ca-pub-2102118777505746\" data-ad-slot=\"7301775417\"\/> <\/div>\n<p>Dans un communiqu\u00e9 publi\u00e9 sur sa page officielle, la pr\u00e9sidence annonce que cette d\u00e9coration intervient pour recomposer le club Sang et Or suite \u00e0 ses efforts dans le domaine sportif notamment apr\u00e8s le titre de champion d\u2019Afrique, remport\u00e9 il y a deux mois.<\/p>\n<p>Notons que le pr\u00e9sident donnera le coup d\u2019envoi\u00a0 aujourd\u2019hui aux festivit\u00e9s \u00e0 l\u2019occasion de l\u2019anniversaire de l\u2019\u00e9quipe \u00e0 la cit\u00e9 de la Culture.<\/p>\n<div class=\"mvp-org-wrap mvp-org-logo\" itemprop=\"publisher\" itemscope=\"\" itemtype=\"https:\/\/schema.org\/Organization\"><img decoding=\"async\" src=\"https:\/\/www.tunisienumerique.com\/wp-content\/uploads\/2017\/02\/logo_tunisie_numerique.png\"\/><\/div>\n<div class=\"nc_socialPanel swp_flatFresh swp_d_fullColor swp_i_fullColor swp_o_fullColor scale-100 scale-fullWidth\" data-position=\"none\" data-float=\"floatNone\" data-count=\"5\" data-floatcolor=\"#ffffff\" data-emphasize=\"0\">\n<div class=\"nc_tweetContainer totes totesalt\" data-id=\"6\"><span class=\"swp_count\"><span class=\"swp_label\">Partages<\/span> 10<\/span><\/div>\n<\/div>\n<div class=\"mvp-related-posts left relative\">\n<h4 class=\"post-header\"><span class=\"post-header\">Lire aussi<\/span><\/h4>\n<\/div>\n<\/div>\n<p>Auteur: Laameri Dorsaf<br \/>\n<a href=\"https:\/\/www.tunisienumerique.com\/tunisie-video-beji-caid-sebsi-attribue-lordre-de-la-republique-a-hamdi-meddeb\/\">Cliquez ici pour lire l&rsquo;article depuis sa source.<\/a><\/p>\n","protected":false},"excerpt":{"rendered":"<p>Partages 10 Le pr\u00e9sident de la R\u00e9publique Beji Caid Sebsi, a re\u00e7u ce\u00a0mardi 19 f\u00e9vrier 2019, le pr\u00e9sident de l\u2019Esp\u00e9rance sportive de Tunis, Hamdi Medeb, au palais pr\u00e9sidentiel de Carthage. Dans ce contexte et en marge du centenaire du club de Bab Souika, le chef de l\u2019Etat a attribu\u00e9 l\u2019Ordre de la R\u00e9publique \u00e0 monsieur [&hellip;]<\/p>\n","protected":false},"author":1789,"featured_media":15446,"comment_status":"closed","ping_status":"closed","sticky":false,"template":"","format":"standard","meta":{"fifu_image_url":"","fifu_image_alt":"","footnotes":""},"categories":[73,55],"tags":[],"class_list":["post-15444","post","type-post","status-publish","format-standard","has-post-thumbnail","hentry","category-actualite","category-tunisie"],"_links":{"self":[{"href":"https:\/\/linitiative.ca\/International\/wp-json\/wp\/v2\/posts\/15444","targetHints":{"allow":["GET"]}}],"collection":[{"href":"https:\/\/linitiative.ca\/International\/wp-json\/wp\/v2\/posts"}],"about":[{"href":"https:\/\/linitiative.ca\/International\/wp-json\/wp\/v2\/types\/post"}],"author":[{"embeddable":true,"href":"https:\/\/linitiative.ca\/International\/wp-json\/wp\/v2\/users\/1789"}],"replies":[{"embeddable":true,"href":"https:\/\/linitiative.ca\/International\/wp-json\/wp\/v2\/comments?post=15444"}],"version-history":[{"count":0,"href":"https:\/\/linitiative.ca\/International\/wp-json\/wp\/v2\/posts\/15444\/revisions"}],"wp:featuredmedia":[{"embeddable":true,"href":"https:\/\/linitiative.ca\/International\/wp-json\/"}],"wp:attachment":[{"href":"https:\/\/linitiative.ca\/International\/wp-json\/wp\/v2\/media?parent=15444"}],"wp:term":[{"taxonomy":"category","embeddable":true,"href":"https:\/\/linitiative.ca\/International\/wp-json\/wp\/v2\/categories?post=15444"},{"taxonomy":"post_tag","embeddable":true,"href":"https:\/\/linitiative.ca\/International\/wp-json\/wp\/v2\/tags?post=15444"}],"curies":[{"name":"wp","href":"https:\/\/api.w.org\/{rel}","templated":true}]}}