{"id":154446,"date":"2022-08-08T09:56:16","date_gmt":"2022-08-08T13:56:16","guid":{"rendered":"https:\/\/linitiative.ca\/International\/ouverture-du-proces-du-footballeur-benjamin-mendy-le-10-aout-prochain-pour-accusations-de-viols\/"},"modified":"2022-08-08T09:56:16","modified_gmt":"2022-08-08T13:56:16","slug":"ouverture-du-proces-du-footballeur-benjamin-mendy-le-10-aout-prochain-pour-accusations-de-viols","status":"publish","type":"post","link":"https:\/\/linitiative.ca\/International\/ouverture-du-proces-du-footballeur-benjamin-mendy-le-10-aout-prochain-pour-accusations-de-viols\/","title":{"rendered":"Ouverture du proc\u00e8s du footballeur Benjamin Mendy le 10 ao\u00fbt prochain pour accusations de viols."},"content":{"rendered":"<div>\n<p>Le proc\u00e8s du joueur de 27 ans Benjamin Mendy, d\u00e9butera finalement le 10 ao\u00fbt \u00e0 Chester. Le footballeur est accus\u00e9 par sept femmes de viol. Cependant Benjamin Mendy nie les dix chefs d\u2019accusation, qui concernent des faits qui se seraient d\u00e9roul\u00e9s entre octobre 2018 et aout 2021 \u00e0 son domicile de Prestbury. Benjamin Mendy a quitt\u00e9 les pelouses depuis pr\u00e8s d\u2019un an pour les cellules des prisons de Liverpool et Manchester, o\u00f9 il a pass\u00e9 plus de quatre mois, en d\u00e9tention provisoire. Lib\u00e9r\u00e9 en janvier, il a \u00e9t\u00e9 plac\u00e9 sous contr\u00f4le judiciaire dans l\u2019attente de son proc\u00e8s. Le champion du monde 2018 en Russie avec l\u2019\u00e9quipe de France n\u2019a plus disput\u00e9 le moindre match de football depuis le 15 ao\u00fbt 2021 avec son club de Manchester City.<\/p>\n<p><strong>Sidwaya.info<\/strong><\/p>\n<\/div>\n<p>Auteur: Wamini SIDWAYA<br \/>\n<a href=\"https:\/\/www.sidwaya.info\/blog\/2022\/08\/08\/ouverture-du-proces-du-footballeur-benjamin-mendy-le-10-aout-prochain-pour-accusations-de-viols\/\">Cliquez ici pour lire l&rsquo;article depuis sa source.<\/a><\/p>\n","protected":false},"excerpt":{"rendered":"<p>Le proc\u00e8s du joueur de 27 ans Benjamin Mendy, d\u00e9butera finalement le 10 ao\u00fbt \u00e0 Chester. Le footballeur est accus\u00e9 par sept femmes de viol. Cependant Benjamin Mendy nie les dix chefs d\u2019accusation, qui concernent des faits qui se seraient d\u00e9roul\u00e9s entre octobre 2018 et aout 2021 \u00e0 son domicile de Prestbury. Benjamin Mendy a [&hellip;]<\/p>\n","protected":false},"author":1816,"featured_media":0,"comment_status":"closed","ping_status":"closed","sticky":false,"template":"","format":"standard","meta":{"fifu_image_url":"","fifu_image_alt":"","footnotes":""},"categories":[73,81],"tags":[],"class_list":["post-154446","post","type-post","status-publish","format-standard","hentry","category-actualite","category-burkina-faso"],"_links":{"self":[{"href":"https:\/\/linitiative.ca\/International\/wp-json\/wp\/v2\/posts\/154446","targetHints":{"allow":["GET"]}}],"collection":[{"href":"https:\/\/linitiative.ca\/International\/wp-json\/wp\/v2\/posts"}],"about":[{"href":"https:\/\/linitiative.ca\/International\/wp-json\/wp\/v2\/types\/post"}],"author":[{"embeddable":true,"href":"https:\/\/linitiative.ca\/International\/wp-json\/wp\/v2\/users\/1816"}],"replies":[{"embeddable":true,"href":"https:\/\/linitiative.ca\/International\/wp-json\/wp\/v2\/comments?post=154446"}],"version-history":[{"count":0,"href":"https:\/\/linitiative.ca\/International\/wp-json\/wp\/v2\/posts\/154446\/revisions"}],"wp:attachment":[{"href":"https:\/\/linitiative.ca\/International\/wp-json\/wp\/v2\/media?parent=154446"}],"wp:term":[{"taxonomy":"category","embeddable":true,"href":"https:\/\/linitiative.ca\/International\/wp-json\/wp\/v2\/categories?post=154446"},{"taxonomy":"post_tag","embeddable":true,"href":"https:\/\/linitiative.ca\/International\/wp-json\/wp\/v2\/tags?post=154446"}],"curies":[{"name":"wp","href":"https:\/\/api.w.org\/{rel}","templated":true}]}}