{"id":154447,"date":"2022-08-08T10:42:49","date_gmt":"2022-08-08T14:42:49","guid":{"rendered":"https:\/\/linitiative.ca\/International\/vovinam-viet-vo-dao-me-alfred-conombo-desormais-5e-dang\/"},"modified":"2022-08-08T10:42:49","modified_gmt":"2022-08-08T14:42:49","slug":"vovinam-viet-vo-dao-me-alfred-conombo-desormais-5e-dang","status":"publish","type":"post","link":"https:\/\/linitiative.ca\/International\/vovinam-viet-vo-dao-me-alfred-conombo-desormais-5e-dang\/","title":{"rendered":"Vovinam viet vo dao\u00a0: Me Alfred Conombo d\u00e9sormais 5e dang"},"content":{"rendered":"<div>\n<p>Le 9<sup>e<\/sup> congr\u00e8s mondial des ma\u00eetres tenu \u00e0 Paris le 21 juillet dernier en marge de la Coupe du monde avait d\u00e9cid\u00e9 d\u2019\u00e9lever au grade de ceinture noir 5<sup>e<\/sup> dang ma\u00eetre Alfred Conombo, pr\u00e9sident du conseil national des ma\u00eetres du Burkina Faso.<\/p>\n<p>Sa ceinture lui a \u00e9t\u00e9 remise le dimanche 8 ao\u00fbt dernier \u00e0 Ouagadougou dans l\u2019intimit\u00e9 du monde de vovinam viet vo dao burkinab\u00e8. \u00ab\u00a0Au nom du conseil mondial des ma\u00eetres, je vous porte cette ceinture\u2026\u00a0\u00bb c\u2019est en termes que Moussa Nassouri, ceinture noir 6<sup>e<\/sup> dang, l\u2019un des 7 membres du conseil mondial des maitres a nou\u00e9 la ceinture \u00e0 ma\u00eetre Alfred Conombo.<\/p>\n<p><img decoding=\"async\" data-attachment-id=\"53249\" data-permalink=\"https:\/\/www.sidwaya.info\/blog\/2022\/08\/08\/vovinam-viet-vo-dao-me-alfred-conombo-desormais-5e-dang\/ph-kar\/\" data-orig-file=\"https:\/\/i0.wp.com\/www.sidwaya.info\/wp-content\/uploads\/2022\/08\/Ph-KAR.jpeg?fit=490%2C1008&amp;ssl=1\" data-orig-size=\"490,1008\" data-comments-opened=\"1\" data-image-meta='{\"aperture\":\"0\",\"credit\":\"\",\"camera\":\"\",\"caption\":\"\",\"created_timestamp\":\"0\",\"copyright\":\"\",\"focal_length\":\"0\",\"iso\":\"0\",\"shutter_speed\":\"0\",\"title\":\"\",\"orientation\":\"0\"}' data-image-title=\"Ph KAR\" data-image-description=\"\" data-image-caption=\"\" data-medium-file=\"https:\/\/i0.wp.com\/www.sidwaya.info\/wp-content\/uploads\/2022\/08\/Ph-KAR.jpeg?fit=146%2C300&amp;ssl=1\" data-large-file=\"https:\/\/i0.wp.com\/www.sidwaya.info\/wp-content\/uploads\/2022\/08\/Ph-KAR.jpeg?fit=490%2C1008&amp;ssl=1\" loading=\"lazy\" class=\"alignnone size-full wp-image-53249\" src=\"https:\/\/i0.wp.com\/www.sidwaya.info\/wp-content\/uploads\/2022\/08\/Ph-KAR.jpeg?resize=490,1008&amp;ssl=1\" alt=\"\" width=\"490\" height=\"1008\" srcset=\"https:\/\/i0.wp.com\/www.sidwaya.info\/wp-content\/uploads\/2022\/08\/Ph-KAR.jpeg?w=490&amp;ssl=1 490w, https:\/\/i0.wp.com\/www.sidwaya.info\/wp-content\/uploads\/2022\/08\/Ph-KAR.jpeg?resize=146%2C300&amp;ssl=1 146w, https:\/\/i0.wp.com\/www.sidwaya.info\/wp-content\/uploads\/2022\/08\/Ph-KAR.jpeg?resize=150%2C309&amp;ssl=1 150w, https:\/\/i0.wp.com\/www.sidwaya.info\/wp-content\/uploads\/2022\/08\/Ph-KAR.jpeg?resize=300%2C617&amp;ssl=1 300w, https:\/\/i0.wp.com\/www.sidwaya.info\/wp-content\/uploads\/2022\/08\/Ph-KAR.jpeg?resize=204%2C420&amp;ssl=1 204w\" sizes=\"auto, (max-width: 490px) 100vw, 490px\" data-recalc-dims=\"1\"><\/p>\n<p>Pionnier cet art au Burkina, ma\u00eetre Conombo voue depuis lors, fid\u00e9lit\u00e9, engagement et amour pour cet art.<\/p>\n<p><strong>Y.O<\/strong><\/p>\n<p>\u00a0<\/p>\n<\/div>\n<p>Auteur: Wamini SIDWAYA<br \/>\n<a href=\"https:\/\/www.sidwaya.info\/blog\/2022\/08\/08\/vovinam-viet-vo-dao-me-alfred-conombo-desormais-5e-dang\/\">Cliquez ici pour lire l&rsquo;article depuis sa source.<\/a><\/p>\n","protected":false},"excerpt":{"rendered":"<p>Le 9e congr\u00e8s mondial des ma\u00eetres tenu \u00e0 Paris le 21 juillet dernier en marge de la Coupe du monde avait d\u00e9cid\u00e9 d\u2019\u00e9lever au grade de ceinture noir 5e dang ma\u00eetre Alfred Conombo, pr\u00e9sident du conseil national des ma\u00eetres du Burkina Faso. Sa ceinture lui a \u00e9t\u00e9 remise le dimanche 8 ao\u00fbt dernier \u00e0 Ouagadougou [&hellip;]<\/p>\n","protected":false},"author":1816,"featured_media":0,"comment_status":"closed","ping_status":"closed","sticky":false,"template":"","format":"standard","meta":{"fifu_image_url":"https:\/\/i0.wp.com\/www.sidwaya.info\/wp-content\/uploads\/2022\/08\/Ph-KAR.jpeg?resize=490,1008&ssl=1","fifu_image_alt":"Vovinam viet vo dao\u00a0: Me Alfred Conombo d\u00e9sormais 5e dang","footnotes":""},"categories":[73,81],"tags":[],"class_list":["post-154447","post","type-post","status-publish","format-standard","hentry","category-actualite","category-burkina-faso"],"_links":{"self":[{"href":"https:\/\/linitiative.ca\/International\/wp-json\/wp\/v2\/posts\/154447","targetHints":{"allow":["GET"]}}],"collection":[{"href":"https:\/\/linitiative.ca\/International\/wp-json\/wp\/v2\/posts"}],"about":[{"href":"https:\/\/linitiative.ca\/International\/wp-json\/wp\/v2\/types\/post"}],"author":[{"embeddable":true,"href":"https:\/\/linitiative.ca\/International\/wp-json\/wp\/v2\/users\/1816"}],"replies":[{"embeddable":true,"href":"https:\/\/linitiative.ca\/International\/wp-json\/wp\/v2\/comments?post=154447"}],"version-history":[{"count":0,"href":"https:\/\/linitiative.ca\/International\/wp-json\/wp\/v2\/posts\/154447\/revisions"}],"wp:attachment":[{"href":"https:\/\/linitiative.ca\/International\/wp-json\/wp\/v2\/media?parent=154447"}],"wp:term":[{"taxonomy":"category","embeddable":true,"href":"https:\/\/linitiative.ca\/International\/wp-json\/wp\/v2\/categories?post=154447"},{"taxonomy":"post_tag","embeddable":true,"href":"https:\/\/linitiative.ca\/International\/wp-json\/wp\/v2\/tags?post=154447"}],"curies":[{"name":"wp","href":"https:\/\/api.w.org\/{rel}","templated":true}]}}