{"id":154448,"date":"2022-08-08T10:51:05","date_gmt":"2022-08-08T14:51:05","guid":{"rendered":"https:\/\/linitiative.ca\/International\/bobo-dioulasso-un-individu-suspect-aux-arrets\/"},"modified":"2022-08-08T10:51:05","modified_gmt":"2022-08-08T14:51:05","slug":"bobo-dioulasso-un-individu-suspect-aux-arrets","status":"publish","type":"post","link":"https:\/\/linitiative.ca\/International\/bobo-dioulasso-un-individu-suspect-aux-arrets\/","title":{"rendered":"Bobo-Dioulasso\u00a0: un individu suspect aux arr\u00eats"},"content":{"rendered":"<div>\n<p>Un individu suspect\u00e9 de terrorisme a \u00e9t\u00e9 arr\u00eat\u00e9 en d\u00e9but d\u2019apr\u00e8s-midi de ce lundi 8 ao\u00fbt 2022, au quartier Bolomakot\u00e9 de Bobo-Dioulasso, par les Forces de d\u00e9fense et de s\u00e9curit\u00e9 (FDS). L\u2019information leur a \u00e9t\u00e9 donn\u00e9e par les populations du quartier qui l\u2019ont trouv\u00e9 suspect. \u00ab\u00a0<em>Il est venu acheter des cr\u00e9dits de communication et prenait des renseignements<\/em>\u00a0\u00bb, a confi\u00e9 une source. Arriv\u00e9es sur les lieux, les FDS ont trouv\u00e9 sept t\u00e9l\u00e9phones portables en sa possession, en plus de plusieurs \u00ab\u00a0<em>documents suspects<\/em>\u00a0\u00bb.<\/p>\n<p><strong>Sidwaya.info<\/strong><\/p>\n<\/div>\n<p>Auteur: Wamini SIDWAYA<br \/>\n<a href=\"https:\/\/www.sidwaya.info\/blog\/2022\/08\/08\/bobo-dioulasso-un-individu-suspect-aux-arrets\/\">Cliquez ici pour lire l&rsquo;article depuis sa source.<\/a><\/p>\n","protected":false},"excerpt":{"rendered":"<p>Un individu suspect\u00e9 de terrorisme a \u00e9t\u00e9 arr\u00eat\u00e9 en d\u00e9but d\u2019apr\u00e8s-midi de ce lundi 8 ao\u00fbt 2022, au quartier Bolomakot\u00e9 de Bobo-Dioulasso, par les Forces de d\u00e9fense et de s\u00e9curit\u00e9 (FDS). L\u2019information leur a \u00e9t\u00e9 donn\u00e9e par les populations du quartier qui l\u2019ont trouv\u00e9 suspect. \u00ab\u00a0Il est venu acheter des cr\u00e9dits de communication et prenait [&hellip;]<\/p>\n","protected":false},"author":1816,"featured_media":0,"comment_status":"closed","ping_status":"closed","sticky":false,"template":"","format":"standard","meta":{"fifu_image_url":"","fifu_image_alt":"","footnotes":""},"categories":[73,81],"tags":[],"class_list":["post-154448","post","type-post","status-publish","format-standard","hentry","category-actualite","category-burkina-faso"],"_links":{"self":[{"href":"https:\/\/linitiative.ca\/International\/wp-json\/wp\/v2\/posts\/154448","targetHints":{"allow":["GET"]}}],"collection":[{"href":"https:\/\/linitiative.ca\/International\/wp-json\/wp\/v2\/posts"}],"about":[{"href":"https:\/\/linitiative.ca\/International\/wp-json\/wp\/v2\/types\/post"}],"author":[{"embeddable":true,"href":"https:\/\/linitiative.ca\/International\/wp-json\/wp\/v2\/users\/1816"}],"replies":[{"embeddable":true,"href":"https:\/\/linitiative.ca\/International\/wp-json\/wp\/v2\/comments?post=154448"}],"version-history":[{"count":0,"href":"https:\/\/linitiative.ca\/International\/wp-json\/wp\/v2\/posts\/154448\/revisions"}],"wp:attachment":[{"href":"https:\/\/linitiative.ca\/International\/wp-json\/wp\/v2\/media?parent=154448"}],"wp:term":[{"taxonomy":"category","embeddable":true,"href":"https:\/\/linitiative.ca\/International\/wp-json\/wp\/v2\/categories?post=154448"},{"taxonomy":"post_tag","embeddable":true,"href":"https:\/\/linitiative.ca\/International\/wp-json\/wp\/v2\/tags?post=154448"}],"curies":[{"name":"wp","href":"https:\/\/api.w.org\/{rel}","templated":true}]}}