{"id":154451,"date":"2022-08-08T11:18:03","date_gmt":"2022-08-08T15:18:03","guid":{"rendered":"https:\/\/linitiative.ca\/International\/maroc-campagne-cerealiere-34-millions-de-quintaux-recoltes\/"},"modified":"2022-08-08T11:18:03","modified_gmt":"2022-08-08T15:18:03","slug":"maroc-campagne-cerealiere-34-millions-de-quintaux-recoltes","status":"publish","type":"post","link":"https:\/\/linitiative.ca\/International\/maroc-campagne-cerealiere-34-millions-de-quintaux-recoltes\/","title":{"rendered":"Maroc\/Campagne c\u00e9r\u00e9ali\u00e8re: 34 millions de quintaux r\u00e9colt\u00e9s"},"content":{"rendered":"<div>\n<p><img decoding=\"async\" width=\"780\" height=\"468\" src=\"https:\/\/linitiative.ca\/International\/wp-content\/uploads\/sites\/23\/2022\/08\/16599718845459.jpg\" class=\"attachment-post-thumbnail size-post-thumbnail wp-post-image\" alt=\"\" loading=\"lazy\" srcset=\"https:\/\/linitiative.ca\/International\/wp-content\/uploads\/sites\/23\/2022\/08\/16599718845459.jpg 780w, https:\/\/www.journalducameroun.com\/wp-content\/uploads\/2022\/08\/16599718845459-300x180.jpg 300w, https:\/\/www.journalducameroun.com\/wp-content\/uploads\/2022\/08\/16599718845459-768x461.jpg 768w, https:\/\/www.journalducameroun.com\/wp-content\/uploads\/2022\/08\/16599718845459-733x440.jpg 733w, https:\/\/www.journalducameroun.com\/wp-content\/uploads\/2022\/08\/16599718845459-600x360.jpg 600w\" sizes=\"auto, (max-width: 780px) 100vw, 780px\"><\/p>\n<p>La production d\u00e9finitive des c\u00e9r\u00e9ales pour la campagne 2021-2022 est estim\u00e9e \u00e0 34 millions de quintaux, soit une baisse de 67% par rapport \u00e0 la campagne pr\u00e9c\u00e9dente qui avait enregistr\u00e9 une performance exceptionnelle de 103,2 millions de quintaux, indique lundi le minist\u00e8re de l&rsquo;Agriculture dans un communiqu\u00e9.La superficie c\u00e9r\u00e9ali\u00e8re sem\u00e9e au titre de la campagne est de 3,6\u00a0millions\u00a0d&rsquo;hectares contre 4,35 millions d&rsquo;hectares lors de la campagne pr\u00e9c\u00e9dente.<\/p>\n<p>Par esp\u00e8ce, la production c\u00e9r\u00e9ali\u00e8re se pr\u00e9sente comme suit : 18,9 millions Qx de bl\u00e9 tendre, 8,1 millions Qx de bl\u00e9 dur et 7,0\u00a0millions Qx d&rsquo;orge.<\/p>\n<p>La campagne agricole 2021\/2022 a \u00e9t\u00e9 caract\u00e9ris\u00e9e par une mauvaise r\u00e9partition temporelle de la pluviom\u00e9trie, avec pr\u00e8s d&rsquo;un tiers des pr\u00e9cipitations qui ont eu lieu durant les mois de novembre et d\u00e9cembre et 53% du cumul pluviom\u00e9trique qui a eu lieu aux mois de mars et avril, rappelle le minist\u00e8re.<\/p>\n<p>Cette campagne a enregistr\u00e9 une pluviom\u00e9trie qui a atteint \u00e0 fin mai 2022, 199 mm en baisse de 44% par rapport \u00e0 la moyenne de 30 ans (355 mm) et une baisse de 34% par rapport \u00e0 la campagne pr\u00e9c\u00e9dente (303 mm) \u00e0 la m\u00eame dates, indique la m\u00eame source.<\/p>\n<p>\tLa tr\u00e8s faible pluviom\u00e9trie, voire son absence dans plusieurs r\u00e9gions du Royaume durant les mois de janvier et f\u00e9vrier, a engendr\u00e9 un retard de croissance des c\u00e9r\u00e9ales et une baisse des rendements plus ou moins importante selon les r\u00e9gions, explique le communiqu\u00e9, notant que les c\u00e9r\u00e9ales en zones favorables se sont relativement mieux comport\u00e9es suite aux pluies de la derni\u00e8re d\u00e9cade de f\u00e9vrier, mars et d\u00e9but avril.<\/p>\n<p>Cet article <a rel=\"nofollow\" href=\"https:\/\/www.journalducameroun.com\/maroc-campagne-cerealiere-34-millions-de-quintaux-recoltes\/\">Maroc\/Campagne c\u00e9r\u00e9ali\u00e8re: 34 millions de quintaux r\u00e9colt\u00e9s<\/a> est apparu en premier sur <a rel=\"nofollow\" href=\"https:\/\/www.journalducameroun.com\/\">Journal du Cameroun<\/a>.<\/p>\n<\/div>\n<p>Auteur: APA News<br \/>\n<a href=\"https:\/\/www.journalducameroun.com\/maroc-campagne-cerealiere-34-millions-de-quintaux-recoltes\/\">Cliquez ici pour lire l&rsquo;article depuis sa source.<\/a><\/p>\n","protected":false},"excerpt":{"rendered":"<p>La production d\u00e9finitive des c\u00e9r\u00e9ales pour la campagne 2021-2022 est estim\u00e9e \u00e0 34 millions de quintaux, soit une baisse de 67% par rapport \u00e0 la campagne pr\u00e9c\u00e9dente qui avait enregistr\u00e9 une performance exceptionnelle de 103,2 millions de quintaux, indique lundi le minist\u00e8re de l&rsquo;Agriculture dans un communiqu\u00e9.La superficie c\u00e9r\u00e9ali\u00e8re sem\u00e9e au titre de la campagne [&hellip;]<\/p>\n","protected":false},"author":1965,"featured_media":0,"comment_status":"closed","ping_status":"closed","sticky":false,"template":"","format":"standard","meta":{"fifu_image_url":"https:\/\/www.journalducameroun.com\/wp-content\/uploads\/2022\/08\/16599718845459.jpg","fifu_image_alt":"Maroc\/Campagne c\u00e9r\u00e9ali\u00e8re: 34 millions de quintaux r\u00e9colt\u00e9s","footnotes":""},"categories":[73,82],"tags":[],"class_list":["post-154451","post","type-post","status-publish","format-standard","hentry","category-actualite","category-cameroun"],"_links":{"self":[{"href":"https:\/\/linitiative.ca\/International\/wp-json\/wp\/v2\/posts\/154451","targetHints":{"allow":["GET"]}}],"collection":[{"href":"https:\/\/linitiative.ca\/International\/wp-json\/wp\/v2\/posts"}],"about":[{"href":"https:\/\/linitiative.ca\/International\/wp-json\/wp\/v2\/types\/post"}],"author":[{"embeddable":true,"href":"https:\/\/linitiative.ca\/International\/wp-json\/wp\/v2\/users\/1965"}],"replies":[{"embeddable":true,"href":"https:\/\/linitiative.ca\/International\/wp-json\/wp\/v2\/comments?post=154451"}],"version-history":[{"count":0,"href":"https:\/\/linitiative.ca\/International\/wp-json\/wp\/v2\/posts\/154451\/revisions"}],"wp:attachment":[{"href":"https:\/\/linitiative.ca\/International\/wp-json\/wp\/v2\/media?parent=154451"}],"wp:term":[{"taxonomy":"category","embeddable":true,"href":"https:\/\/linitiative.ca\/International\/wp-json\/wp\/v2\/categories?post=154451"},{"taxonomy":"post_tag","embeddable":true,"href":"https:\/\/linitiative.ca\/International\/wp-json\/wp\/v2\/tags?post=154451"}],"curies":[{"name":"wp","href":"https:\/\/api.w.org\/{rel}","templated":true}]}}