{"id":154453,"date":"2022-08-08T11:18:04","date_gmt":"2022-08-08T15:18:04","guid":{"rendered":"https:\/\/linitiative.ca\/International\/mali-letat-islamique-veut-le-depart-de-larmee-du-gourma\/"},"modified":"2022-08-08T11:18:04","modified_gmt":"2022-08-08T15:18:04","slug":"mali-letat-islamique-veut-le-depart-de-larmee-du-gourma","status":"publish","type":"post","link":"https:\/\/linitiative.ca\/International\/mali-letat-islamique-veut-le-depart-de-larmee-du-gourma\/","title":{"rendered":"Mali : l\u2019Etat islamique veut le d\u00e9part de l\u2019arm\u00e9e du Gourma"},"content":{"rendered":"<div>\n<p><img decoding=\"async\" width=\"946\" height=\"468\" src=\"https:\/\/linitiative.ca\/International\/wp-content\/uploads\/sites\/23\/2022\/08\/16599718842905.jpg\" class=\"attachment-post-thumbnail size-post-thumbnail wp-post-image\" alt=\"\" loading=\"lazy\" srcset=\"https:\/\/linitiative.ca\/International\/wp-content\/uploads\/sites\/23\/2022\/08\/16599718842905.jpg 946w, https:\/\/www.journalducameroun.com\/wp-content\/uploads\/2022\/08\/16599718842905-300x148.jpg 300w, https:\/\/www.journalducameroun.com\/wp-content\/uploads\/2022\/08\/16599718842905-768x380.jpg 768w, https:\/\/www.journalducameroun.com\/wp-content\/uploads\/2022\/08\/16599718842905-889x440.jpg 889w, https:\/\/www.journalducameroun.com\/wp-content\/uploads\/2022\/08\/16599718842905-600x297.jpg 600w\" sizes=\"auto, (max-width: 946px) 100vw, 946px\"><\/p>\n<p>Une attaque jihadiste attribu\u00e9e \u00e0 l&rsquo;Etat islamique a fait 4 morts parmi les soldats maliens, selon l&rsquo;Etat-major g\u00e9n\u00e9ral des arm\u00e9es.Les Forces arm\u00e9es maliennes (Fama) continuent de compter leurs morts. Dimanche 7 ao\u00fbt 2022, en d\u00e9but d&rsquo;apr\u00e8s-midi, elles ont \u00ab r\u00e9agi vigoureusement \u00e0 une attaque complexe et coordonn\u00e9e des groupes arm\u00e9s terroristes \u00bb \u00e0 Tessit, dans le cercle d&rsquo;Ansongo, \u00e0 1345 kilom\u00e8tres \u00e0 l&rsquo;est de Bamako.<\/p>\n<p>Des sources locales confient \u00e0 APA que les combats auraient dur\u00e9 quatre heures \u00e0 l&rsquo;issue desquelles, les assaillants se seraient repli\u00e9s.<\/p>\n<p>Il n&rsquo;y pas encore de revendication. Mais pour de nombreux observateurs, il n&rsquo;y a aucun doute. C&rsquo;est l&rsquo;Etat islamique au Sahel. Le groupe jihadiste a \u00e9t\u00e9 tr\u00e8s actif dans la m\u00eame zone depuis le d\u00e9but de l&rsquo;ann\u00e9e.<\/p>\n<p>Le 21 mars dernier, l&rsquo;arm\u00e9e malienne avait perdu quatre soldats dans une attaque revendiqu\u00e9e par l&rsquo;Etat islamique au Sahel dans cette localit\u00e9 qui fait partie de la r\u00e9gion des trois fronti\u00e8res, o\u00f9 se croisent le Mali, le Niger et le Burkina Faso.<\/p>\n<p>Le groupe venait d&rsquo;\u00eatre promu province \u00e0 part enti\u00e8re, apr\u00e8s avoir \u00e9t\u00e9 pendant trois ann\u00e9es rattach\u00e9 \u00e0 l&rsquo;Etat islamique en Afrique de l&rsquo;Ouest, plac\u00e9 sous l&rsquo;autorit\u00e9 d&rsquo;un \u00ab wali\u00a0\u00bb (Gouverneur) nig\u00e9rian.<\/p>\n<p>Un peu plus d&rsquo;un mois avant ce raid, les Fama ont perdu huit soldats en r\u00e9ponse \u00e0 une embuscade du m\u00eame groupe.<\/p>\n<p>Selon une source s\u00e9curitaire, l&rsquo;attaque du dimanche 7 ao\u00fbt pourrait occasionner plus de victimes, m\u00eame si un bilan officiel fait \u00e9tat de six morts. Il s&rsquo;agit de quatre militaires et deux civils qui sont des adjoints au maire de Tessit.<\/p>\n<p>L&rsquo;objectif, sous la houlette du chef jihadiste Moussa Moumini, serait d&rsquo;\u00e9liminer toute pr\u00e9sence des Fama dans cette r\u00e9gion et d&rsquo;envoyer un message aux civils accus\u00e9s de collaboration avec les forces de d\u00e9fense et de s\u00e9curit\u00e9.<\/p>\n<p>C&rsquo;est un d\u00e9fi s\u00e9curitaire de plus pour les autorit\u00e9s de la transition d\u00e9j\u00e0 oblig\u00e9es de faire face \u00e0 la volont\u00e9 exprim\u00e9e du Groupe de soutien \u00e0 l&rsquo;Islam et aux Musulmans (GSIM), proche d&rsquo;Al-Qa\u00efda au Maghreb islamique (AQMI) de s&rsquo;attaquer \u00e0 Bamako et aux centres urbains, apr\u00e8s son audacieuse offensive \u00e0 la voiture pi\u00e9g\u00e9e du 22 juillet contre le camp militaire de Kati, consid\u00e9r\u00e9 comme le c\u0153ur du pouvoir malien repr\u00e9sent\u00e9 depuis le 21 mai 2021 par le Colonel Assimi Goita.<\/p>\n<p>Cet article <a rel=\"nofollow\" href=\"https:\/\/www.journalducameroun.com\/mali-letat-islamique-veut-le-depart-de-larmee-du-gourma\/\">Mali : l\u2019Etat islamique veut le d\u00e9part de l\u2019arm\u00e9e du Gourma<\/a> est apparu en premier sur <a rel=\"nofollow\" href=\"https:\/\/www.journalducameroun.com\/\">Journal du Cameroun<\/a>.<\/p>\n<\/div>\n<p>Auteur: APA News<br \/>\n<a href=\"https:\/\/www.journalducameroun.com\/mali-letat-islamique-veut-le-depart-de-larmee-du-gourma\/\">Cliquez ici pour lire l&rsquo;article depuis sa source.<\/a><\/p>\n","protected":false},"excerpt":{"rendered":"<p>Une attaque jihadiste attribu\u00e9e \u00e0 l&rsquo;Etat islamique a fait 4 morts parmi les soldats maliens, selon l&rsquo;Etat-major g\u00e9n\u00e9ral des arm\u00e9es.Les Forces arm\u00e9es maliennes (Fama) continuent de compter leurs morts. Dimanche 7 ao\u00fbt 2022, en d\u00e9but d&rsquo;apr\u00e8s-midi, elles ont \u00ab r\u00e9agi vigoureusement \u00e0 une attaque complexe et coordonn\u00e9e des groupes arm\u00e9s terroristes \u00bb \u00e0 Tessit, dans [&hellip;]<\/p>\n","protected":false},"author":1965,"featured_media":0,"comment_status":"closed","ping_status":"closed","sticky":false,"template":"","format":"standard","meta":{"fifu_image_url":"https:\/\/www.journalducameroun.com\/wp-content\/uploads\/2022\/08\/16599718842905.jpg","fifu_image_alt":"Mali : l\u2019Etat islamique veut le d\u00e9part de l\u2019arm\u00e9e du Gourma","footnotes":""},"categories":[73,82],"tags":[],"class_list":["post-154453","post","type-post","status-publish","format-standard","hentry","category-actualite","category-cameroun"],"_links":{"self":[{"href":"https:\/\/linitiative.ca\/International\/wp-json\/wp\/v2\/posts\/154453","targetHints":{"allow":["GET"]}}],"collection":[{"href":"https:\/\/linitiative.ca\/International\/wp-json\/wp\/v2\/posts"}],"about":[{"href":"https:\/\/linitiative.ca\/International\/wp-json\/wp\/v2\/types\/post"}],"author":[{"embeddable":true,"href":"https:\/\/linitiative.ca\/International\/wp-json\/wp\/v2\/users\/1965"}],"replies":[{"embeddable":true,"href":"https:\/\/linitiative.ca\/International\/wp-json\/wp\/v2\/comments?post=154453"}],"version-history":[{"count":0,"href":"https:\/\/linitiative.ca\/International\/wp-json\/wp\/v2\/posts\/154453\/revisions"}],"wp:attachment":[{"href":"https:\/\/linitiative.ca\/International\/wp-json\/wp\/v2\/media?parent=154453"}],"wp:term":[{"taxonomy":"category","embeddable":true,"href":"https:\/\/linitiative.ca\/International\/wp-json\/wp\/v2\/categories?post=154453"},{"taxonomy":"post_tag","embeddable":true,"href":"https:\/\/linitiative.ca\/International\/wp-json\/wp\/v2\/tags?post=154453"}],"curies":[{"name":"wp","href":"https:\/\/api.w.org\/{rel}","templated":true}]}}