{"id":154455,"date":"2022-08-08T11:46:28","date_gmt":"2022-08-08T15:46:28","guid":{"rendered":"https:\/\/linitiative.ca\/International\/cameroun-les-gouverneurs-des-regions-discutent-du-contexte-socio-economique-tendu\/"},"modified":"2022-08-08T11:46:28","modified_gmt":"2022-08-08T15:46:28","slug":"cameroun-les-gouverneurs-des-regions-discutent-du-contexte-socio-economique-tendu","status":"publish","type":"post","link":"https:\/\/linitiative.ca\/International\/cameroun-les-gouverneurs-des-regions-discutent-du-contexte-socio-economique-tendu\/","title":{"rendered":"Cameroun : les gouverneurs des r\u00e9gions discutent du contexte socio-\u00e9conomique tendu"},"content":{"rendered":"<div>\n<p><img decoding=\"async\" width=\"315\" height=\"180\" src=\"https:\/\/linitiative.ca\/International\/wp-content\/uploads\/sites\/23\/2022\/08\/GOUVERNEURS-DE-REGIONS-AU-CAMEROUN.jpg\" class=\"attachment-post-thumbnail size-post-thumbnail wp-post-image\" alt=\"Les gouverneurs sont en conclave \u00e0 Yaound\u00e9\" loading=\"lazy\" srcset=\"https:\/\/linitiative.ca\/International\/wp-content\/uploads\/sites\/23\/2022\/08\/GOUVERNEURS-DE-REGIONS-AU-CAMEROUN.jpg 315w, https:\/\/www.journalducameroun.com\/wp-content\/uploads\/2022\/08\/GOUVERNEURS-DE-REGIONS-AU-CAMEROUN-300x171.jpg 300w, https:\/\/www.journalducameroun.com\/wp-content\/uploads\/2022\/08\/GOUVERNEURS-DE-REGIONS-AU-CAMEROUN-160x90.jpg 160w, https:\/\/www.journalducameroun.com\/wp-content\/uploads\/2022\/08\/GOUVERNEURS-DE-REGIONS-AU-CAMEROUN-350x200.jpg 350w\" sizes=\"auto, (max-width: 315px) 100vw, 315px\"><\/p>\n<h2 style=\"text-align: justify;\">Les autorit\u00e9s administratives prennent part \u00e0 leur premi\u00e8re rencontre semestrielle de l\u2019ann\u00e9e 2022 \u00e0 Yaound\u00e9, du 08 au 09 ao\u00fbt 2022.<\/h2>\n<p style=\"text-align: justify;\">Les effets de la crise ukrainienne sur le monde, marqu\u00e9 par la flamb\u00e9e qui s\u2019aggrave au Cameroun sont au c\u0153ur des travaux. Autour de cet \u00e9picentre, gravitent les cons\u00e9quences de la pand\u00e9mie \u00e0 corona virus au pays, ainsi que les d\u00e9fis s\u00e9curitaires marqu\u00e9s par le grand banditisme avec les enl\u00e8vements et demandes de ran\u00e7ons.<\/p>\n<p style=\"text-align: justify;\">Pour cette premi\u00e8re rencontre semestrielle, les patrons des r\u00e9gions circonscriptions administratives sont r\u00e9unis depuis ce lundi matin autour du ministre de l\u2019Administration territoriale Paul Atanga Nji. L\u2019objet de la rencontre de deux jours est de r\u00e9fl\u00e9chir sur le th\u00e8me <em>\u00ab\u00a0autorit\u00e9s administratives et d\u00e9fis s\u00e9curitaires en p\u00e9riode de contraintes socio-\u00e9conomiques<\/em>\u00a0\u00bb.<\/p>\n<p style=\"text-align: justify;\">Au cours des \u00e9changes, les gouverneurs pr\u00e9senteront la situation s\u00e9curitaire et\u00a0 socio-\u00e9conomique dans leurs diff\u00e9rentes r\u00e9gions. Prennent aussi \u00e0 ces travaux, le ministre du Commerce, celui de la Sant\u00e9 publique. Tandis que Luc Magloire Mbarga Atangana expose sur les mesures prises ou envisag\u00e9es pour lutter contre l\u2019inflation, Manaouda Malachie se penchera sur la lutte\u00a0 contre les faux m\u00e9dicaments\u00a0 et le trafic illicite des produits pharmaceutiques.<\/p>\n<p style=\"text-align: justify;\">La communication conjointe de la D\u00e9l\u00e9gation g\u00e9n\u00e9rale \u00e0 la suret\u00e9 nationale et du secr\u00e9tariat d\u2019Etat \u00e0 la D\u00e9fense marquera un autre point essentiel de la rencontre.<\/p>\n<p style=\"text-align: justify;\">En ouvrant les travaux ce matin, le ministre de l\u2019Administration territoriale (Minat) a insist\u00e9 sur la traque des terroristes et des bandits de grand chemin. Pour cela, Paul Atanga Nji a prescrit d\u2019intensifier le renseignement pr\u00e9visionnel.<\/p>\n<p style=\"text-align: justify;\">\u00ab\u00a0<em>Lorsque les terroristes et les bandits de grand chemin pense qu\u2019ils se cachent, ils sont plus que jamais proches de nos forces de maintien de l\u2019ordre. Les malfaiteurs doivent \u00eatre traqu\u00e9s dans leurs derniers retranchements, interpell\u00e9s et remis \u00e0 la justice (\u2026) Et pour avoir le bon renseignement, les autorit\u00e9s administratives doivent maintenir une bonne collaboration avec les populations civiles (\u2026) Plus que jamais la recherche du renseignement pr\u00e9visionnel doit \u00eatre un devoir permanent des autorit\u00e9s administratives et des forces de maintien de l\u2019ordre<\/em>\u00a0\u00bb, a recommand\u00e9 le Minat.<\/p>\n<p>Cet article <a rel=\"nofollow\" href=\"https:\/\/www.journalducameroun.com\/cameroun-les-gouverneurs-des-regions-discutent-du-contexte-socio-economique-tendu\/\">Cameroun : les gouverneurs des r\u00e9gions discutent du contexte socio-\u00e9conomique tendu<\/a> est apparu en premier sur <a rel=\"nofollow\" href=\"https:\/\/www.journalducameroun.com\/\">Journal du Cameroun<\/a>.<\/p>\n<\/div>\n<p>Auteur: Arnaud MAWEL<br \/>\n<a href=\"https:\/\/www.journalducameroun.com\/cameroun-les-gouverneurs-des-regions-discutent-du-contexte-socio-economique-tendu\/\">Cliquez ici pour lire l&rsquo;article depuis sa source.<\/a><\/p>\n","protected":false},"excerpt":{"rendered":"<p>Les autorit\u00e9s administratives prennent part \u00e0 leur premi\u00e8re rencontre semestrielle de l\u2019ann\u00e9e 2022 \u00e0 Yaound\u00e9, du 08 au 09 ao\u00fbt 2022. Les effets de la crise ukrainienne sur le monde, marqu\u00e9 par la flamb\u00e9e qui s\u2019aggrave au Cameroun sont au c\u0153ur des travaux. Autour de cet \u00e9picentre, gravitent les cons\u00e9quences de la pand\u00e9mie \u00e0 corona [&hellip;]<\/p>\n","protected":false},"author":1965,"featured_media":0,"comment_status":"closed","ping_status":"closed","sticky":false,"template":"","format":"standard","meta":{"fifu_image_url":"https:\/\/www.journalducameroun.com\/wp-content\/uploads\/2022\/08\/GOUVERNEURS-DE-REGIONS-AU-CAMEROUN.jpg","fifu_image_alt":"Cameroun : les gouverneurs des r\u00e9gions discutent du contexte socio-\u00e9conomique tendu","footnotes":""},"categories":[73,82],"tags":[],"class_list":["post-154455","post","type-post","status-publish","format-standard","hentry","category-actualite","category-cameroun"],"_links":{"self":[{"href":"https:\/\/linitiative.ca\/International\/wp-json\/wp\/v2\/posts\/154455","targetHints":{"allow":["GET"]}}],"collection":[{"href":"https:\/\/linitiative.ca\/International\/wp-json\/wp\/v2\/posts"}],"about":[{"href":"https:\/\/linitiative.ca\/International\/wp-json\/wp\/v2\/types\/post"}],"author":[{"embeddable":true,"href":"https:\/\/linitiative.ca\/International\/wp-json\/wp\/v2\/users\/1965"}],"replies":[{"embeddable":true,"href":"https:\/\/linitiative.ca\/International\/wp-json\/wp\/v2\/comments?post=154455"}],"version-history":[{"count":0,"href":"https:\/\/linitiative.ca\/International\/wp-json\/wp\/v2\/posts\/154455\/revisions"}],"wp:attachment":[{"href":"https:\/\/linitiative.ca\/International\/wp-json\/wp\/v2\/media?parent=154455"}],"wp:term":[{"taxonomy":"category","embeddable":true,"href":"https:\/\/linitiative.ca\/International\/wp-json\/wp\/v2\/categories?post=154455"},{"taxonomy":"post_tag","embeddable":true,"href":"https:\/\/linitiative.ca\/International\/wp-json\/wp\/v2\/tags?post=154455"}],"curies":[{"name":"wp","href":"https:\/\/api.w.org\/{rel}","templated":true}]}}