{"id":154457,"date":"2022-08-08T12:18:04","date_gmt":"2022-08-08T16:18:04","guid":{"rendered":"https:\/\/linitiative.ca\/International\/lafrique-du-sud-lance-une-campagne-de-rehabilitation-des-routes\/"},"modified":"2022-08-08T12:18:04","modified_gmt":"2022-08-08T16:18:04","slug":"lafrique-du-sud-lance-une-campagne-de-rehabilitation-des-routes","status":"publish","type":"post","link":"https:\/\/linitiative.ca\/International\/lafrique-du-sud-lance-une-campagne-de-rehabilitation-des-routes\/","title":{"rendered":"L\u2019Afrique du Sud lance une campagne de r\u00e9habilitation des routes"},"content":{"rendered":"<div>\n<p><img decoding=\"async\" width=\"250\" height=\"200\" src=\"https:\/\/linitiative.ca\/International\/wp-content\/uploads\/sites\/23\/2022\/08\/16599754841307.jpg\" class=\"attachment-post-thumbnail size-post-thumbnail wp-post-image\" alt=\"\" loading=\"lazy\"><\/p>\n<p>Le programme sera d\u00e9roul\u00e9 pendant seize mois.L&rsquo;Afrique du Sud a lanc\u00e9, ce lundi 8 ao\u00fbt 2022, une campagne dot\u00e9e d&rsquo;un budget de 13,3 milliards de dollars pour r\u00e9parer ses routes. Le top d\u00e9part du projet, dont le nom de code est \u00ab Op\u00e9ration Vala Zonke \u00bb, a \u00e9t\u00e9 donn\u00e9 dans la ville de Vereeniging et fait partie d&rsquo;une campagne de 16 mois visant \u00e0 r\u00e9habiliter toutes les routes provinciales et municipales du pays, explique l&rsquo;Agence nationale des routes.<\/p>\n<p>\u00ab Les pneus sont si chers. S&rsquo;ils pouvaient juste r\u00e9parer les nids de poule pour les voitures ce serait bien \u00bb, a d\u00e9clar\u00e9 un automobiliste m\u00e9content lors du lancement par le ministre des Transports, Fikile Mbalula.<\/p>\n<p>Cet article <a rel=\"nofollow\" href=\"https:\/\/www.journalducameroun.com\/lafrique-du-sud-lance-une-campagne-de-rehabilitation-des-routes\/\">L\u2019Afrique du Sud lance une campagne de r\u00e9habilitation des routes<\/a> est apparu en premier sur <a rel=\"nofollow\" href=\"https:\/\/www.journalducameroun.com\/\">Journal du Cameroun<\/a>.<\/p>\n<\/div>\n<p>Auteur: APA News<br \/>\n<a href=\"https:\/\/www.journalducameroun.com\/lafrique-du-sud-lance-une-campagne-de-rehabilitation-des-routes\/\">Cliquez ici pour lire l&rsquo;article depuis sa source.<\/a><\/p>\n","protected":false},"excerpt":{"rendered":"<p>Le programme sera d\u00e9roul\u00e9 pendant seize mois.L&rsquo;Afrique du Sud a lanc\u00e9, ce lundi 8 ao\u00fbt 2022, une campagne dot\u00e9e d&rsquo;un budget de 13,3 milliards de dollars pour r\u00e9parer ses routes. Le top d\u00e9part du projet, dont le nom de code est \u00ab Op\u00e9ration Vala Zonke \u00bb, a \u00e9t\u00e9 donn\u00e9 dans la ville de Vereeniging et [&hellip;]<\/p>\n","protected":false},"author":1965,"featured_media":0,"comment_status":"closed","ping_status":"closed","sticky":false,"template":"","format":"standard","meta":{"fifu_image_url":"https:\/\/www.journalducameroun.com\/wp-content\/uploads\/2022\/08\/16599754841307.jpg","fifu_image_alt":"L\u2019Afrique du Sud lance une campagne de r\u00e9habilitation des routes","footnotes":""},"categories":[73,82],"tags":[],"class_list":["post-154457","post","type-post","status-publish","format-standard","hentry","category-actualite","category-cameroun"],"_links":{"self":[{"href":"https:\/\/linitiative.ca\/International\/wp-json\/wp\/v2\/posts\/154457","targetHints":{"allow":["GET"]}}],"collection":[{"href":"https:\/\/linitiative.ca\/International\/wp-json\/wp\/v2\/posts"}],"about":[{"href":"https:\/\/linitiative.ca\/International\/wp-json\/wp\/v2\/types\/post"}],"author":[{"embeddable":true,"href":"https:\/\/linitiative.ca\/International\/wp-json\/wp\/v2\/users\/1965"}],"replies":[{"embeddable":true,"href":"https:\/\/linitiative.ca\/International\/wp-json\/wp\/v2\/comments?post=154457"}],"version-history":[{"count":0,"href":"https:\/\/linitiative.ca\/International\/wp-json\/wp\/v2\/posts\/154457\/revisions"}],"wp:attachment":[{"href":"https:\/\/linitiative.ca\/International\/wp-json\/wp\/v2\/media?parent=154457"}],"wp:term":[{"taxonomy":"category","embeddable":true,"href":"https:\/\/linitiative.ca\/International\/wp-json\/wp\/v2\/categories?post=154457"},{"taxonomy":"post_tag","embeddable":true,"href":"https:\/\/linitiative.ca\/International\/wp-json\/wp\/v2\/tags?post=154457"}],"curies":[{"name":"wp","href":"https:\/\/api.w.org\/{rel}","templated":true}]}}