{"id":154462,"date":"2022-08-08T09:59:42","date_gmt":"2022-08-08T13:59:42","guid":{"rendered":"https:\/\/linitiative.ca\/International\/aide-au-developpement-en-2021-lafd-a-debloque-pres-de-90-milliards-de-fcfa-en-faveur-du-cameroun\/"},"modified":"2022-08-08T09:59:42","modified_gmt":"2022-08-08T13:59:42","slug":"aide-au-developpement-en-2021-lafd-a-debloque-pres-de-90-milliards-de-fcfa-en-faveur-du-cameroun","status":"publish","type":"post","link":"https:\/\/linitiative.ca\/International\/aide-au-developpement-en-2021-lafd-a-debloque-pres-de-90-milliards-de-fcfa-en-faveur-du-cameroun\/","title":{"rendered":"Aide au d\u00e9veloppement\u00a0: en 2021 l\u2019AFD a d\u00e9bloqu\u00e9 pr\u00e8s de 90 milliards de FCFA en faveur du Cameroun"},"content":{"rendered":"<div>\n<p>Pour le compte de l\u2019ann\u00e9e 2021, l\u2019Agence fran\u00e7aise de d\u00e9veloppement (AFD), a d\u00e9bloqu\u00e9 137,2 millions d\u2019euros (89,997 milliards de Fcfa) en faveur du Cameroun. C\u2019est ce que r\u00e9v\u00e8le le \u2018\u2018Bilan d\u2019activit\u00e9 Afrique centrale\u2019\u2019 dress\u00e9e par l\u2019Agence.\u00a0\u00a0Cette enveloppe est r\u00e9partie comme suit\u00a0:\u00a0103,4 millions d\u2019euros d\u00e9j\u00e0 vers\u00e9s et 530,6 millions d\u2019euros restent \u00e0 verser. De plus, elle affiche une baisse de l\u2019ordre de 89,9 millions d\u2019euros (39,58%), par rapport \u00e0 2019, o\u00f9 les engagements de l\u2019AFD \u00e9taient de 227,1 millions d\u2019euros (148,967 milliards de Fcfa).<\/p>\n<p>L\u2019appui financier de cet organe d\u2019aide au d\u00e9veloppement fran\u00e7ais est r\u00e9parti dans deux grands secteurs que sont les\u00a0infrastructures et d\u00e9veloppement urbain 49% et les appuis budg\u00e9taire et fonds d\u2019\u00e9tudes 51%. Une r\u00e9partition par outils de financement indique que les pr\u00eats souverains couvrent 51% du financement allou\u00e9 durant cette ann\u00e9e, le Contrat de d\u00e9sendettement et de d\u00e9veloppement (C2D) 48,5%, et le Fexte (Fonds d\u2019expertise technique et d\u2019\u00e9changes d\u2019exp\u00e9riences) avec 0,5%.<\/p>\n<p><strong>Lire aussi : <a href=\"https:\/\/ecomatin.net\/cooperation-cameroun-afd-benoit-lebeurre-fait-chevalier-de-lordre-de-la-valeur\/\" target=\"_blank\" rel=\"noreferrer noopener\">Coop\u00e9ration\u00a0Cameroun-AFD : Beno\u00eet Lebeurre fait chevalier de l\u2019ordre de la valeur<\/a><\/strong><\/p>\n<p>Plusieurs secteurs ont donc b\u00e9n\u00e9fici\u00e9 des financements en provenance de l\u2019AFD. Il s\u2019agit des secteurs de\u00a0: la gouvernance \u00e9conomique et financi\u00e8re, d\u00e9centralisation et appui aux collectivit\u00e9s (renforcement des capacit\u00e9s des collectivit\u00e9s territoriales d\u00e9centralis\u00e9es) ; le d\u00e9veloppement urbain (transports\/mobilit\u00e9, eau &amp; assainissement)\u00a0; l\u2019\u00e9nergie ; le d\u00e9veloppement rural, agriculture et s\u00e9curit\u00e9 alimentaire ; les for\u00eats, climat, biodiversit\u00e9 (gouvernance, fili\u00e8re \u00e9conomique, valorisation patrimoniale, lutte contre la d\u00e9forestation, am\u00e9nagement du couvert forestier) ; les secteurs sociaux (sant\u00e9, \u00e9ducation, protection sociale) ; l\u2019appui \u00e0 l\u2019entrepreneuriat et la formation professionnelle. Indiquons qu\u2019\u00e0 fin 2021, 52 projets sous financement de l\u2019AFD sont en cours d\u2019ex\u00e9cution.<\/p>\n<p>Outre les donn\u00e9es financi\u00e8res de l\u2019ann\u00e9e 2021 pour le Cameroun, le m\u00eame document retrace aussi la place du pays \u00e0 l\u2019\u00e9chelle e la sous-r\u00e9gion Afrique centrale. Ainsi le Cameroun occupe la premi\u00e8re place des investissements de la sous-r\u00e9gion avec une enveloppe de Cameroun 1,3 milliard d\u2019euros (852,744 milliards de Fcfa), d\u00e9bloqu\u00e9e entre 2015 et 2021, soit 52% des parts de financement global.<\/p>\n<p><strong>Lire aussi : <a href=\"https:\/\/ecomatin.net\/agriculture-plus-de-325-milliards-de-lafd-pour-soutenir-les-petits-producteurs2\/\" target=\"_blank\" rel=\"noreferrer noopener\">Agriculture\u00a0: Plus de 3,25 milliards de L\u2019AFD\u00a0 pour soutenir les petits producteurs<\/a><\/strong><\/p>\n<p><strong>Etat des lieux en Afrique centrale<\/strong><\/p>\n<p>Pour le compte de l\u2019ann\u00e9e 2021, c\u2019est 256,5 millions d\u2019euros (168,252 milliards de Fcfa) qui ont \u00e9t\u00e9 inject\u00e9s par l\u2019Agence fran\u00e7aise de d\u00e9veloppement en Afrique centrale. Ceci pour la r\u00e9alisation de 23 projets dans les domaines de\u00a0la sant\u00e9, l\u2019\u00e9ducation, la formation professionnelle, l\u2019environnement et l\u2019appui aux politiques publiques<\/p>\n<p>De plus, l\u2019on apprend du document qu\u2019entre 2015 et 2021, cet organe fran\u00e7ais d\u2019aide au d\u00e9veloppement a d\u00e9gag\u00e9 2,6 milliards d\u2019euros (1\u00a0705, 488 milliards de Fcfa) en Afrique centrale. Sur cette enveloppe, figure un reste \u00e0 payer de l\u2019ordre de 1,4 milliard d\u2019euros (918,339 milliards de Fcfa). Ceci pour 169 projets en cours d\u2019ex\u00e9cution.<\/p>\n<p><strong>Lire aussi : <a href=\"https:\/\/ecomatin.net\/la-francaise-virginie-dago-est-la-nouvelle-directrice-de-lafd-au-cameroun3\/\" target=\"_blank\" rel=\"noreferrer noopener\">La fran\u00e7aise Virginie Dago est la nouvelle directrice de l\u2019AFD au Cameroun<\/a><\/strong><\/p>\n<p>La cartographie dress\u00e9e par l\u2019Agence fran\u00e7aise de d\u00e9veloppement sur l\u2019octroi des financements durant cette p\u00e9riode, classe derri\u00e8re le Cameroun (1,3 milliard d\u2019euros d\u00e9bloqu\u00e9s pour 53% de parts de financement) le Gabon avec 466,6 millions d\u2019euros (17% de parts de financement). Suivi du Congo 412,5 millions d\u2019euros (16%) de la R\u00e9publique Centrafricaine 194,3 millions d\u2019euros (7%), enfin la\u00a0\u00a0R\u00e9publique d\u00e9mocratique du Congo 175,9 millions d\u2019euros (7%). A cette r\u00e9partition par pays s\u2019ajoute un projet multi-pays de 31,6 millions d\u2019euros qui b\u00e9n\u00e9fice d\u20191% des financements globaux.<\/p>\n<p><strong>Lire aussi : <a href=\"https:\/\/ecomatin.net\/note-de-veille-economique-et-t-strategique3-du-01-fevrier-2022\/\" target=\"_blank\" rel=\"noreferrer noopener\">Aide au d\u00e9veloppement : les r\u00e9serves de Camercap-Parc sur l\u2019accord Afriland-AFD<\/a><\/strong><\/p>\n<p>L\u2019article <a rel=\"nofollow\" href=\"https:\/\/ecomatin.net\/aide-au-developpement-en-2021-lafd-a-debloque-pres-de-90-milliards-de-fcfa-en-faveur-du-cameroun\/\">Aide au d\u00e9veloppement\u00a0: en 2021 l\u2019AFD a d\u00e9bloqu\u00e9 pr\u00e8s de 90 milliards de FCFA en faveur du Cameroun<\/a> est apparu en premier sur <a rel=\"nofollow\" href=\"https:\/\/ecomatin.net\/\">EcoMatin<\/a>.<\/p>\n<\/div>\n<p>Auteur: EcoMatin<br \/>\n<a href=\"https:\/\/ecomatin.net\/aide-au-developpement-en-2021-lafd-a-debloque-pres-de-90-milliards-de-fcfa-en-faveur-du-cameroun\/\">Cliquez ici pour lire l&rsquo;article depuis sa source.<\/a><\/p>\n","protected":false},"excerpt":{"rendered":"<p>Pour le compte de l\u2019ann\u00e9e 2021, l\u2019Agence fran\u00e7aise de d\u00e9veloppement (AFD), a d\u00e9bloqu\u00e9 137,2 millions d\u2019euros (89,997 milliards de Fcfa) en faveur du Cameroun. C\u2019est ce que r\u00e9v\u00e8le le \u2018\u2018Bilan d\u2019activit\u00e9 Afrique centrale\u2019\u2019 dress\u00e9e par l\u2019Agence.\u00a0\u00a0Cette enveloppe est r\u00e9partie comme suit\u00a0:\u00a0103,4 millions d\u2019euros d\u00e9j\u00e0 vers\u00e9s et 530,6 millions d\u2019euros restent \u00e0 verser. De plus, elle [&hellip;]<\/p>\n","protected":false},"author":1969,"featured_media":0,"comment_status":"closed","ping_status":"closed","sticky":false,"template":"","format":"standard","meta":{"fifu_image_url":"","fifu_image_alt":"","footnotes":""},"categories":[82,78],"tags":[],"class_list":["post-154462","post","type-post","status-publish","format-standard","hentry","category-cameroun","category-economie"],"_links":{"self":[{"href":"https:\/\/linitiative.ca\/International\/wp-json\/wp\/v2\/posts\/154462","targetHints":{"allow":["GET"]}}],"collection":[{"href":"https:\/\/linitiative.ca\/International\/wp-json\/wp\/v2\/posts"}],"about":[{"href":"https:\/\/linitiative.ca\/International\/wp-json\/wp\/v2\/types\/post"}],"author":[{"embeddable":true,"href":"https:\/\/linitiative.ca\/International\/wp-json\/wp\/v2\/users\/1969"}],"replies":[{"embeddable":true,"href":"https:\/\/linitiative.ca\/International\/wp-json\/wp\/v2\/comments?post=154462"}],"version-history":[{"count":0,"href":"https:\/\/linitiative.ca\/International\/wp-json\/wp\/v2\/posts\/154462\/revisions"}],"wp:attachment":[{"href":"https:\/\/linitiative.ca\/International\/wp-json\/wp\/v2\/media?parent=154462"}],"wp:term":[{"taxonomy":"category","embeddable":true,"href":"https:\/\/linitiative.ca\/International\/wp-json\/wp\/v2\/categories?post=154462"},{"taxonomy":"post_tag","embeddable":true,"href":"https:\/\/linitiative.ca\/International\/wp-json\/wp\/v2\/tags?post=154462"}],"curies":[{"name":"wp","href":"https:\/\/api.w.org\/{rel}","templated":true}]}}