{"id":154489,"date":"2022-08-09T08:07:09","date_gmt":"2022-08-09T12:07:09","guid":{"rendered":"https:\/\/linitiative.ca\/International\/tunisie-france-entretien-telephonique-entre-saied-et-macron\/"},"modified":"2022-08-09T08:07:09","modified_gmt":"2022-08-09T12:07:09","slug":"tunisie-france-entretien-telephonique-entre-saied-et-macron","status":"publish","type":"post","link":"https:\/\/linitiative.ca\/International\/tunisie-france-entretien-telephonique-entre-saied-et-macron\/","title":{"rendered":"Tunisie \u2013 France : Entretien t\u00e9l\u00e9phonique entre Sa\u00efed et Macron"},"content":{"rendered":"<div>\n<h3 style=\"text-align: left\">Le pr\u00e9sident tunisien Ka\u00efs Sa\u00efed s\u2019est entretenu, ce mardi 9 ao\u00fbt 2022, avec son homologue fran\u00e7ais Emmanuel Macron, par t\u00e9l\u00e9phone, selon un communiqu\u00e9 de la pr\u00e9sidence de la r\u00e9publique tunisienne.<\/h3>\n<h3 style=\"text-align: left\">L\u2019entretien a port\u00e9 sur les relations entre les deux pays et leur coop\u00e9ration, notamment sur le plan \u00e9conomique, \u00e0 la lumi\u00e8re de la situation mondiale actuelle.<\/h3>\n<h3 style=\"text-align: left\">Les deux politiciens ont \u00e9galement \u00e9voqu\u00e9, selon le communiqu\u00e9, plusieurs affaires internationales ainsi que les approches \u00e0 adopter pour \u00abprot\u00e9ger l\u2019humanit\u00e9 des dangers qui la guettent\u00bb.<\/h3>\n<p>The post <a href=\"https:\/\/lexpertjournal.net\/fr\/?p=22695\">Tunisie \u2013 France : Entretien t\u00e9l\u00e9phonique entre Sa\u00efed et Macron<\/a> first appeared on <a href=\"https:\/\/lexpertjournal.net\/fr\">L&rsquo;Expert Journal<\/a>.<\/p>\n<\/div>\n<p>Auteur: L&rsquo;expert<br \/>\n<a href=\"https:\/\/lexpertjournal.net\/fr\/?p=22695\">Cliquez ici pour lire l&rsquo;article depuis sa source.<\/a><\/p>\n","protected":false},"excerpt":{"rendered":"<p>Le pr\u00e9sident tunisien Ka\u00efs Sa\u00efed s\u2019est entretenu, ce mardi 9 ao\u00fbt 2022, avec son homologue fran\u00e7ais Emmanuel Macron, par t\u00e9l\u00e9phone, selon un communiqu\u00e9 de la pr\u00e9sidence de la r\u00e9publique tunisienne. L\u2019entretien a port\u00e9 sur les relations entre les deux pays et leur coop\u00e9ration, notamment sur le plan \u00e9conomique, \u00e0 la lumi\u00e8re de la situation mondiale [&hellip;]<\/p>\n","protected":false},"author":1775,"featured_media":0,"comment_status":"closed","ping_status":"closed","sticky":false,"template":"","format":"standard","meta":{"fifu_image_url":"","fifu_image_alt":"","footnotes":""},"categories":[78,55],"tags":[],"class_list":["post-154489","post","type-post","status-publish","format-standard","hentry","category-economie","category-tunisie"],"_links":{"self":[{"href":"https:\/\/linitiative.ca\/International\/wp-json\/wp\/v2\/posts\/154489","targetHints":{"allow":["GET"]}}],"collection":[{"href":"https:\/\/linitiative.ca\/International\/wp-json\/wp\/v2\/posts"}],"about":[{"href":"https:\/\/linitiative.ca\/International\/wp-json\/wp\/v2\/types\/post"}],"author":[{"embeddable":true,"href":"https:\/\/linitiative.ca\/International\/wp-json\/wp\/v2\/users\/1775"}],"replies":[{"embeddable":true,"href":"https:\/\/linitiative.ca\/International\/wp-json\/wp\/v2\/comments?post=154489"}],"version-history":[{"count":0,"href":"https:\/\/linitiative.ca\/International\/wp-json\/wp\/v2\/posts\/154489\/revisions"}],"wp:attachment":[{"href":"https:\/\/linitiative.ca\/International\/wp-json\/wp\/v2\/media?parent=154489"}],"wp:term":[{"taxonomy":"category","embeddable":true,"href":"https:\/\/linitiative.ca\/International\/wp-json\/wp\/v2\/categories?post=154489"},{"taxonomy":"post_tag","embeddable":true,"href":"https:\/\/linitiative.ca\/International\/wp-json\/wp\/v2\/tags?post=154489"}],"curies":[{"name":"wp","href":"https:\/\/api.w.org\/{rel}","templated":true}]}}