{"id":154490,"date":"2022-08-09T08:09:02","date_gmt":"2022-08-09T12:09:02","guid":{"rendered":"https:\/\/linitiative.ca\/International\/tunisie-securite-alimentaire-un-accord-de-pret-de-130-millions-de-dollars-de-la-bird\/"},"modified":"2022-08-09T08:09:02","modified_gmt":"2022-08-09T12:09:02","slug":"tunisie-securite-alimentaire-un-accord-de-pret-de-130-millions-de-dollars-de-la-bird","status":"publish","type":"post","link":"https:\/\/linitiative.ca\/International\/tunisie-securite-alimentaire-un-accord-de-pret-de-130-millions-de-dollars-de-la-bird\/","title":{"rendered":"Tunisie \u2013 S\u00e9curit\u00e9 alimentaire : Un accord de pr\u00eat de 130 millions de dollars de la Bird"},"content":{"rendered":"<div>\n<h3 style=\"text-align: left\"><strong><em>Un accord de pr\u00eat de 130 millions de dollars (plus de 400 millions de dinars) entre la Tunisie et la Banque internationale pour la reconstruction et le d\u00e9veloppement (Bird) a \u00e9t\u00e9 ratifi\u00e9, lundi 8 ao\u00fbt 2022, par le pr\u00e9sident de la r\u00e9publique, Ka\u00efs Sa\u00efed.<\/em><\/strong><\/h3>\n<h3 style=\"text-align: left\">Le pr\u00eat vise \u00e0 financer un projet d\u2019intervention d\u2019urgence dans le cadre de la s\u00e9curit\u00e9 alimentaire nationale.<\/h3>\n<h3 style=\"text-align: left\">Rappelons qu\u2019un conseil minist\u00e9riel pr\u00e9sid\u00e9 par la cheffe du gouvernement Najla Bouden avait \u00e9t\u00e9 tenu le 4 juillet dernier \u00e0 la Kasbah, \u00e0 l\u2019issue duquel le projet a \u00e9t\u00e9 approuv\u00e9.<\/h3>\n<p>The post <a href=\"https:\/\/lexpertjournal.net\/fr\/?p=22698\">Tunisie \u2013 S\u00e9curit\u00e9 alimentaire : Un accord de pr\u00eat de 130 millions de dollars de la Bird<\/a> first appeared on <a href=\"https:\/\/lexpertjournal.net\/fr\">L&rsquo;Expert Journal<\/a>.<\/p>\n<\/div>\n<p>Auteur: L&rsquo;expert<br \/>\n<a href=\"https:\/\/lexpertjournal.net\/fr\/?p=22698\">Cliquez ici pour lire l&rsquo;article depuis sa source.<\/a><\/p>\n","protected":false},"excerpt":{"rendered":"<p>Un accord de pr\u00eat de 130 millions de dollars (plus de 400 millions de dinars) entre la Tunisie et la Banque internationale pour la reconstruction et le d\u00e9veloppement (Bird) a \u00e9t\u00e9 ratifi\u00e9, lundi 8 ao\u00fbt 2022, par le pr\u00e9sident de la r\u00e9publique, Ka\u00efs Sa\u00efed. Le pr\u00eat vise \u00e0 financer un projet d\u2019intervention d\u2019urgence dans le [&hellip;]<\/p>\n","protected":false},"author":1775,"featured_media":0,"comment_status":"closed","ping_status":"closed","sticky":false,"template":"","format":"standard","meta":{"fifu_image_url":"","fifu_image_alt":"","footnotes":""},"categories":[78,55],"tags":[],"class_list":["post-154490","post","type-post","status-publish","format-standard","hentry","category-economie","category-tunisie"],"_links":{"self":[{"href":"https:\/\/linitiative.ca\/International\/wp-json\/wp\/v2\/posts\/154490","targetHints":{"allow":["GET"]}}],"collection":[{"href":"https:\/\/linitiative.ca\/International\/wp-json\/wp\/v2\/posts"}],"about":[{"href":"https:\/\/linitiative.ca\/International\/wp-json\/wp\/v2\/types\/post"}],"author":[{"embeddable":true,"href":"https:\/\/linitiative.ca\/International\/wp-json\/wp\/v2\/users\/1775"}],"replies":[{"embeddable":true,"href":"https:\/\/linitiative.ca\/International\/wp-json\/wp\/v2\/comments?post=154490"}],"version-history":[{"count":0,"href":"https:\/\/linitiative.ca\/International\/wp-json\/wp\/v2\/posts\/154490\/revisions"}],"wp:attachment":[{"href":"https:\/\/linitiative.ca\/International\/wp-json\/wp\/v2\/media?parent=154490"}],"wp:term":[{"taxonomy":"category","embeddable":true,"href":"https:\/\/linitiative.ca\/International\/wp-json\/wp\/v2\/categories?post=154490"},{"taxonomy":"post_tag","embeddable":true,"href":"https:\/\/linitiative.ca\/International\/wp-json\/wp\/v2\/tags?post=154490"}],"curies":[{"name":"wp","href":"https:\/\/api.w.org\/{rel}","templated":true}]}}