{"id":154553,"date":"2022-08-10T09:30:57","date_gmt":"2022-08-10T13:30:57","guid":{"rendered":"https:\/\/linitiative.ca\/International\/casablanca-10-ans-de-prison-ferme-pour-un-pedophile\/"},"modified":"2022-08-10T09:30:57","modified_gmt":"2022-08-10T13:30:57","slug":"casablanca-10-ans-de-prison-ferme-pour-un-pedophile","status":"publish","type":"post","link":"https:\/\/linitiative.ca\/International\/casablanca-10-ans-de-prison-ferme-pour-un-pedophile\/","title":{"rendered":"Casablanca : 10 ans de prison ferme pour un p\u00e9dophile"},"content":{"rendered":"<div>\n<p><img decoding=\"async\" width=\"300\" height=\"153\" src=\"https:\/\/linitiative.ca\/International\/wp-content\/uploads\/sites\/23\/2022\/08\/Prison-300x153-1.jpg\" class=\"attachment-medium size-medium wp-post-image\" alt=\"\" loading=\"lazy\" srcset=\"https:\/\/linitiative.ca\/International\/wp-content\/uploads\/sites\/23\/2022\/08\/Prison-300x153-1.jpg 300w, https:\/\/aujourdhui.ma\/wp-content\/uploads\/2018\/09\/Prison.jpg 746w\" sizes=\"auto, (max-width: 300px) 100vw, 300px\"><\/p>\n<p><strong>Pour avoir abus\u00e9 sexuellement d\u2019une fille de douze ans apr\u00e8s l\u2019avoir d\u00e9tourn\u00e9e contre des sommes d\u2019argent, un jeune homme a \u00e9t\u00e9 condamn\u00e9, r\u00e9cemment, par la chambre criminelle pr\u00e8s la Cour d\u2019appel de Casablanca \u00e0 dix ans de r\u00e9clusion criminelle.<\/strong><span id=\"more-415192\"><\/span><\/p>\n<p>Le mis en cause a tent\u00e9 de se disculper alors que ses voisins ont r\u00e9v\u00e9l\u00e9 \u00e0 la Cour que la fille mineure l\u2019accompagnait de temps en temps. Ils ne savaient pas si elle \u00e9tait sa fille ou une proche. Tout ce qu\u2019ils savaient c\u2019est qu\u2019il venait d\u2019occuper, il y a quelques mois, une gar\u00e7onni\u00e8re, la victime l\u2019accompagnait souvent \u00e0 bord de son v\u00e9lomoteur, ont ajout\u00e9 les t\u00e9moins. En effet, selon l\u2019acte d\u2019accusation, il attendait sa sortie du coll\u00e8ge o\u00f9 elle poursuivait ses \u00e9tudes pour l\u2019emmener chez lui et abuser d\u2019elle, sans toutefois aller au bout. A chaque fois, il lui donnait une somme de vingt ou cinquante dirhams. Le fait que sa fille ait toujours de l\u2019argent en poche a finalement interpell\u00e9 la m\u00e8re qui a port\u00e9 plainte.<\/p>\n<\/div>\n<p>Auteur: Abderrafii ALOUMLIKI<br \/>\n<a href=\"https:\/\/aujourdhui.ma\/faits-divers\/casablanca-10-ans-de-prison-ferme-pour-un-pedophile\">Cliquez ici pour lire l&rsquo;article depuis sa source.<\/a><\/p>\n","protected":false},"excerpt":{"rendered":"<p>Pour avoir abus\u00e9 sexuellement d\u2019une fille de douze ans apr\u00e8s l\u2019avoir d\u00e9tourn\u00e9e contre des sommes d\u2019argent, un jeune homme a \u00e9t\u00e9 condamn\u00e9, r\u00e9cemment, par la chambre criminelle pr\u00e8s la Cour d\u2019appel de Casablanca \u00e0 dix ans de r\u00e9clusion criminelle. Le mis en cause a tent\u00e9 de se disculper alors que ses voisins ont r\u00e9v\u00e9l\u00e9 \u00e0 [&hellip;]<\/p>\n","protected":false},"author":1759,"featured_media":0,"comment_status":"closed","ping_status":"closed","sticky":false,"template":"","format":"standard","meta":{"fifu_image_url":"https:\/\/aujourdhui.ma\/wp-content\/uploads\/2018\/09\/Prison-300x153.jpg","fifu_image_alt":"Casablanca : 10 ans de prison ferme pour un p\u00e9dophile","footnotes":""},"categories":[73,54],"tags":[],"class_list":["post-154553","post","type-post","status-publish","format-standard","hentry","category-actualite","category-maroc"],"_links":{"self":[{"href":"https:\/\/linitiative.ca\/International\/wp-json\/wp\/v2\/posts\/154553","targetHints":{"allow":["GET"]}}],"collection":[{"href":"https:\/\/linitiative.ca\/International\/wp-json\/wp\/v2\/posts"}],"about":[{"href":"https:\/\/linitiative.ca\/International\/wp-json\/wp\/v2\/types\/post"}],"author":[{"embeddable":true,"href":"https:\/\/linitiative.ca\/International\/wp-json\/wp\/v2\/users\/1759"}],"replies":[{"embeddable":true,"href":"https:\/\/linitiative.ca\/International\/wp-json\/wp\/v2\/comments?post=154553"}],"version-history":[{"count":0,"href":"https:\/\/linitiative.ca\/International\/wp-json\/wp\/v2\/posts\/154553\/revisions"}],"wp:attachment":[{"href":"https:\/\/linitiative.ca\/International\/wp-json\/wp\/v2\/media?parent=154553"}],"wp:term":[{"taxonomy":"category","embeddable":true,"href":"https:\/\/linitiative.ca\/International\/wp-json\/wp\/v2\/categories?post=154553"},{"taxonomy":"post_tag","embeddable":true,"href":"https:\/\/linitiative.ca\/International\/wp-json\/wp\/v2\/tags?post=154553"}],"curies":[{"name":"wp","href":"https:\/\/api.w.org\/{rel}","templated":true}]}}