{"id":154568,"date":"2022-08-10T04:32:30","date_gmt":"2022-08-10T08:32:30","guid":{"rendered":"https:\/\/linitiative.ca\/International\/la-capitalisation-boursiere-detenue-par-les-etrangers-represente-222-de-la-capitalisation-globale-du-marche\/"},"modified":"2022-08-10T04:32:30","modified_gmt":"2022-08-10T08:32:30","slug":"la-capitalisation-boursiere-detenue-par-les-etrangers-represente-222-de-la-capitalisation-globale-du-marche","status":"publish","type":"post","link":"https:\/\/linitiative.ca\/International\/la-capitalisation-boursiere-detenue-par-les-etrangers-represente-222-de-la-capitalisation-globale-du-marche\/","title":{"rendered":"La capitalisation boursi\u00e8re d\u00e9tenue par les \u00e9trangers repr\u00e9sente 22,2 % de la capitalisation globale du march\u00e9"},"content":{"rendered":"<div>\n<h3 style=\"text-align: left\">La capitalisation boursi\u00e8re d\u00e9tenue par les \u00e9trangers sur la cote de la Bourse de Tunis a atteint, au cours du mois de juillet \u00a02022, pr\u00e8s de\u00a0 5,2 \u00a0millions de dinars (MD), soit\u00a0\u00a0 22,2% de la capitalisation globale du march\u00e9, selon la lettre mensuelle publi\u00e9e, mardi, par la Bourse de Tunis.<\/h3>\n<h3 style=\"text-align: left\">\u00a0Les acquisitions effectu\u00e9es, en juillet 2022, par les \u00e9trangers sur les titres cot\u00e9s ont totalis\u00e9 un montant de 157 \u00a0mille dinars, contre des cessions (vente) de\u00a0 3553 mille dinars, ce qui a fait ressortir\u00a0 un solde net n\u00e9gatif de -3396\u00a0 mille dinars.<\/h3>\n<h3 style=\"text-align: left\">R\u00e9partis par secteurs, les titres d\u00e9tenus par les \u00e9trangers sur le march\u00e9 principal au mois de juillet 2022, sont principalement dans les secteurs des finances (239 502 217 titres), des biens de consommation (168\u00a0244\u00a0106 titres) et des industries (19 323564 titres)\u2026<\/h3>\n<h3 style=\"text-align: left\">\u00a0 L\u2019indice Tunindex a cl\u00f4tur\u00e9 le mois de juillet 2022 \u00e0 7 731,77 points, enregistrant un gain de 3,28% apr\u00e8s une hausse de 1,48% durant le mois de juin 2022.<\/h3>\n<h3 style=\"text-align: left\">Depuis le d\u00e9but de l\u2019ann\u00e9e 2022, ses gains cumul\u00e9s ont atteint 9,73%, contre un gain de 6,09% durant la m\u00eame p\u00e9riode de 2021<\/h3>\n<h3 class=\"td-a-ad id_bottom_ad \" style=\"text-align: left\"><\/h3>\n<p>The post <a href=\"https:\/\/lexpertjournal.net\/fr\/?p=22723\">La capitalisation boursi\u00e8re d\u00e9tenue par les \u00e9trangers repr\u00e9sente 22,2 % de la capitalisation globale du march\u00e9<\/a> first appeared on <a href=\"https:\/\/lexpertjournal.net\/fr\">L&rsquo;Expert Journal<\/a>.<\/p>\n<\/div>\n<p>Auteur: L&rsquo;expert<br \/>\n<a href=\"https:\/\/lexpertjournal.net\/fr\/?p=22723\">Cliquez ici pour lire l&rsquo;article depuis sa source.<\/a><\/p>\n","protected":false},"excerpt":{"rendered":"<p>La capitalisation boursi\u00e8re d\u00e9tenue par les \u00e9trangers sur la cote de la Bourse de Tunis a atteint, au cours du mois de juillet \u00a02022, pr\u00e8s de\u00a0 5,2 \u00a0millions de dinars (MD), soit\u00a0\u00a0 22,2% de la capitalisation globale du march\u00e9, selon la lettre mensuelle publi\u00e9e, mardi, par la Bourse de Tunis. \u00a0Les acquisitions effectu\u00e9es, en juillet [&hellip;]<\/p>\n","protected":false},"author":1775,"featured_media":0,"comment_status":"closed","ping_status":"closed","sticky":false,"template":"","format":"standard","meta":{"fifu_image_url":"","fifu_image_alt":"","footnotes":""},"categories":[78,55],"tags":[],"class_list":["post-154568","post","type-post","status-publish","format-standard","hentry","category-economie","category-tunisie"],"_links":{"self":[{"href":"https:\/\/linitiative.ca\/International\/wp-json\/wp\/v2\/posts\/154568","targetHints":{"allow":["GET"]}}],"collection":[{"href":"https:\/\/linitiative.ca\/International\/wp-json\/wp\/v2\/posts"}],"about":[{"href":"https:\/\/linitiative.ca\/International\/wp-json\/wp\/v2\/types\/post"}],"author":[{"embeddable":true,"href":"https:\/\/linitiative.ca\/International\/wp-json\/wp\/v2\/users\/1775"}],"replies":[{"embeddable":true,"href":"https:\/\/linitiative.ca\/International\/wp-json\/wp\/v2\/comments?post=154568"}],"version-history":[{"count":0,"href":"https:\/\/linitiative.ca\/International\/wp-json\/wp\/v2\/posts\/154568\/revisions"}],"wp:attachment":[{"href":"https:\/\/linitiative.ca\/International\/wp-json\/wp\/v2\/media?parent=154568"}],"wp:term":[{"taxonomy":"category","embeddable":true,"href":"https:\/\/linitiative.ca\/International\/wp-json\/wp\/v2\/categories?post=154568"},{"taxonomy":"post_tag","embeddable":true,"href":"https:\/\/linitiative.ca\/International\/wp-json\/wp\/v2\/tags?post=154568"}],"curies":[{"name":"wp","href":"https:\/\/api.w.org\/{rel}","templated":true}]}}