{"id":154569,"date":"2022-08-10T04:36:05","date_gmt":"2022-08-10T08:36:05","guid":{"rendered":"https:\/\/linitiative.ca\/International\/la-tunisie-ne-serait-pas-le-prochain-etat-arabe-a-rejoindre-le-camp-de-la-normalisation-avec-israel\/"},"modified":"2022-08-10T04:36:05","modified_gmt":"2022-08-10T08:36:05","slug":"la-tunisie-ne-serait-pas-le-prochain-etat-arabe-a-rejoindre-le-camp-de-la-normalisation-avec-israel","status":"publish","type":"post","link":"https:\/\/linitiative.ca\/International\/la-tunisie-ne-serait-pas-le-prochain-etat-arabe-a-rejoindre-le-camp-de-la-normalisation-avec-israel\/","title":{"rendered":"La Tunisie ne serait pas le prochain Etat arabe \u00e0 rejoindre le camp de la normalisation avec Isra\u00ebl"},"content":{"rendered":"<div>\n<h3 style=\"text-align: left\">Depuis que le Maroc a rejoint les Accords d\u2019Abraham en d\u00e9cembre 2020, les sp\u00e9culations\u00a0 ne d\u00e9senflent pas\u00a0 sur l\u2019Etat\u00a0 arabe qui pourrait \u00eatre le prochain \u00e0 s\u2019inscrire dans\u00a0 ce mouvement\u00a0 pro-normalisation avec Isra\u00ebl. Divers responsables am\u00e9ricains et m\u00e9dias isra\u00e9liens ont laiss\u00e9 entendre ou pr\u00e9dit que la Tunisie pourrait \u00eatre ce pays. Mais bien que la perspective ne soit pas impossible, il y a de nombreuses raisons de douter s\u00e9rieusement que Tunis rejoigne ce camp, estiment maints analystes, cit\u00e9s par\u00a0<a href=\"https:\/\/english.alaraby.co.uk\/analysis\/dont-expect-tunisia-join-abraham-accords-israel\" target=\"_blank\" rel=\"noreferrer noopener\">The New Arab.\u00a0<\/a><\/h3>\n<h3 style=\"text-align: left\">L\u2019adh\u00e9sion de la Tunisie aux Accords d\u2019Abraham exigerait du pr\u00e9sident Kais Saied qu\u2019il abandonne une conviction politique importante qui, pendant des ann\u00e9es, a \u00e9t\u00e9 la cl\u00e9 de son image, et qu\u2019il a hardiment d\u00e9fendue , notamment lors\u00a0 de sa participation \u00e0 un d\u00e9bat pr\u00e9sidentiel le 12 octobre 2019.Ila avait alors vivement\u00a0 d\u00e9nonc\u00e9 la normalisation avec Isra\u00ebl et a m\u00eame condamn\u00e9 l\u2019utilisation du terme normalisation.<\/h3>\n<h3 style=\"text-align: left\">La condamnation passionn\u00e9e de la normalisation par Saied lors de ce d\u00e9bat de 2019 a \u00e9t\u00e9 \u00ab\u00a0tr\u00e8s m\u00e9morable pour de nombreux Tunisiens\u00a0\u00bb, a d\u00e9clar\u00e9 Monica Marks, professeur adjoint de politique du Moyen-Orient \u00e0 l\u2019Universit\u00e9 de New York, \u00e0 Abu Dhabi, dans un entretien avec The New Arab.<\/h3>\n<h3 style=\"text-align: left\">Mais ce n\u2019\u00e9tait pas seulement un discours de campagne. Dans le discours de victoire de Saied en 2019, il a jur\u00e9 de \u00ab\u00a0soutenir les causes justes, y compris celle de la Palestine\u00a0\u00bb. Comme l\u2019a dit Marks, \u00ab\u00a0il a construit une partie non n\u00e9gligeable de son identit\u00e9 politique en Tunisie sur un retour au nationalisme arabe de la vieille \u00e9cole qui est fond\u00e9, entre autres, sur l\u2019opposition \u00e0 avoir des relations avec Isra\u00ebl\u00a0\u00bb.D\u2019ailleurs, la farouche opposition de Saied \u00e0 la normalisation a \u00e9t\u00e9 importante pour sa base de partisans lors des \u00e9lections de 2019, de son coup constitutionnel du 25 juillet\u00a0 2021 et de la p\u00e9riode actuelle. \u00ab\u00a0Il a un fort soutien encore dans certains coins de la partie nationaliste arabe du paysage id\u00e9ologique de la Tunisie qui s\u2019identifie tr\u00e8s fortement \u00e0 l\u2019opposition \u00e0 Isra\u00ebl. C\u2019est une caract\u00e9ristique essentielle, si ce n\u2019est la caract\u00e9ristique essentielle, de l\u2019identit\u00e9 politique nationaliste arabe en Tunisie\u00a0\u00bb, a ajout\u00e9\u00a0 Marks.<\/h3>\n<h3 style=\"text-align: left\">Saied est loin d\u2019\u00eatre le seul Tunisien \u00e0 avoir d\u00e9nonc\u00e9 toute discussion sur les relations de l\u2019\u00c9tat tunisien avec Isra\u00ebl. Dans toute la soci\u00e9t\u00e9 tunisienne, il existe depuis longtemps un soutien passionn\u00e9 aux Palestiniens, soulign\u00e9 par des manifestations publiques en faveur des droits des Palestiniens et par le projet de loi anti-normalisation pr\u00e9sent\u00e9 au Parlement.<\/h3>\n<h3 style=\"text-align: left\">\u00ab\u00a0Je ne pense pas qu\u2019il y puise y avoir une normalisation entre la Tunisie et Isra\u00ebl\u00a0\u00bb, a d\u00e9clar\u00e9 Youssef Cherif, le directeur des Colombia Global Centers \u00e0 Tunis. \u00ab\u00a0Cette d\u00e9marche serait tr\u00e8s impopulaire en Tunisie, et il y a suffisamment de libert\u00e9s dans le pays, m\u00eame apr\u00e8s la prise de pouvoir de Saied, pour permettre aux gens de rendre leurs d\u00e9saccords publics si cela doit arriver ou \u00eatre d\u00e9battu.\u00a0\u00bb<\/h3>\n<h3 style=\"text-align: left\">Comme l\u2019explique Marks, la culture en Tunisie est \u00ab\u00a0tr\u00e8s oppos\u00e9e\u00a0\u00bb \u00e0 tout ce qui ressemble \u00e0 une normalisation avec Isra\u00ebl. \u00ab\u00a0Son opposition \u00e0 toute relation avec l\u2019\u00c9tat isra\u00e9lien est en fait une caract\u00e9ristique cl\u00e9 de la g\u00e9opolitique r\u00e9gionale de la Tunisie.\u00a0\u00bb<\/h3>\n<h3 style=\"text-align: left\"><strong>Dynamique r\u00e9gionale<\/strong><\/h3>\n<h3 style=\"text-align: left\">Il y a \u00e9galement des facteurs r\u00e9gionaux \u00e0 prendre en compte. L\u2019Egypte et le Maroc accueilleraient favorablement l\u2019entr\u00e9e de la Tunisie dans les Accords d\u2019Abraham. Mais cela alimenterait de graves probl\u00e8mes dans les relations alg\u00e9ro-tunisiennes.<\/h3>\n<h3 style=\"text-align: left\">Pour l\u2019Alg\u00e9rie, les relations maroco-isra\u00e9liennes ainsi que la tendance \u00e0 la normalisation de la r\u00e9gion arabe sont une menace. Consciente du soutien d\u2019Isra\u00ebl \u00e0 la politique \u00e9trang\u00e8re marocaine vis-\u00e0-vis du Sahara occidental, de la position de Tel Aviv contre l\u2019Alg\u00e9rie et de la coop\u00e9ration militaire maroco-isra\u00e9lienne, l\u2019Alg\u00e9rie craint les implications d\u2019un partenariat maroco-isra\u00e9lien plus fort. Si l\u2019Alg\u00e9rie est entour\u00e9e d\u2019\u00c9tats qui se sont normalis\u00e9s avec Isra\u00ebl, les Alg\u00e9riens se sentiront de moins en moins en s\u00e9curit\u00e9.<\/h3>\n<h3 style=\"text-align: left\">William Lawrence, professeur de sciences politiques \u00e0 l\u2019Universit\u00e9 am\u00e9ricaine de Washington a expliqu\u00e9 que \u00ab\u00a0l\u2019aide importante de l\u2019Alg\u00e9rie \u00e0 la Tunisie est g\u00e9n\u00e9ralement vue sous l\u2019angle d\u2019un maintien de la Tunisie hors de la sph\u00e8re d\u2019influence du Golfe ou de l\u2019Egypte, voire de la Russie. Mais un autre angle d\u2019analyse peut \u00eatre de consid\u00e9rer qu\u2019elle maintient la Tunisie \u00e0 un certain degr\u00e9 de distance de la sph\u00e8re \u00e9mergente isra\u00e9lo-\u00e9miratie-am\u00e9ricaine, et au prix d\u2019une marginalisation accrue des Palestiniens\u00a0\u00bb.<\/h3>\n<h3 style=\"text-align: left\"><strong>Une raison d\u2019adh\u00e9rer ?<\/strong><\/h3>\n<h3 style=\"text-align: left\">La Tunisie est confront\u00e9e \u00e0 plusieurs probl\u00e8mes \u00e9conomiques graves et a besoin du soutien de gouvernements et d\u2019institutions \u00e9trang\u00e8res. \u00ab\u00a0C\u2019est un pays o\u00f9 tr\u00e8s bient\u00f4t vous ne pourrez plus acheter de carburant, o\u00f9 les fonctionnaires ne recevront plus leurs salaires, o\u00f9 vous ne pourrez plus acheter d\u2019insuline pour les diab\u00e9tiques\u00a0\u00bb, a d\u00e9clar\u00e9 Jalel Harchaoui, chercheur sp\u00e9cialiste de la Libye.<\/h3>\n<h3 style=\"text-align: left\">\u00ab\u00a0Toutes sortes de produits de base vont cesser d\u2019\u00eatre disponibles en raison de cette situation tragique qui se traduira tr\u00e8s probablement par un d\u00e9faut de paiement de la dette, et les nations occidentales ne semblent toujours pas s\u2019en soucier\u00a0\u00bb.<\/h3>\n<h3 style=\"text-align: left\">Il n\u2019est pas clair si l\u2019entr\u00e9e dans les Accords d\u2019Abraham pourrait susciter un pr\u00eat des \u00c9tats-Unis, des \u00c9tats du Golfe comme les \u00c9mirats arabes unis, ou d\u2019autres pays. \u00ab\u00a0Ce que le monde a dit, c\u2019est qu\u2019il ne se soucie pas de la Tunisie. Donc\u2026 proposer de rejoindre les Accords d\u2019Abraham est quelque chose que Kais Saied pourrait essayer\u00a0\u00bb, explique Harchaoui.<\/h3>\n<h3 style=\"text-align: left\">Lorsqu\u2019on lui a demand\u00e9 si elle pensait que la Tunisie allait se normaliser avec Isra\u00ebl, Mme Marks a r\u00e9pondu : \u00ab\u00a0Je serais surprise que cela se produise tant que Kais Saied est \u00e0 la barre\u00a0\u00bb. Mais elle a maintenu que ce n\u2019\u00e9tait pas impossible, en gardant \u00e0 l\u2019esprit les incitations que certains \u00c9tats arabes pourraient lui donner pour faire entrer la Tunisie dans les accords d\u2019Abraham.<\/h3>\n<h3 style=\"text-align: left\">\u00ab\u00a0Saied se trouve effectivement en conversation \u00e9troite avec Sisi et dans une certaine compagnie id\u00e9ologique avec les acteurs du Golfe qui le voient comme un v\u00e9hicule potentiel pour leurs int\u00e9r\u00eats\u00a0\u00bb, selon Marks.<\/h3>\n<h3 style=\"text-align: left\">\u00ab\u00a0Je ne pense pas qu\u2019ils soient encore convaincus, mais ils le voient comme un v\u00e9hicule potentiel. Il est pr\u00eat \u00e0 n\u00e9gocier avec des \u00c9tats qui le consid\u00e8rent comme un important rempart de stabilit\u00e9. Il a des int\u00e9r\u00eats comme tout autre dirigeant.\u00a0\u00bb<\/h3>\n<h3 style=\"text-align: left\">En fin de compte, de s\u00e9rieuses pr\u00e9occupations concernant l\u2019avenir \u00e9conomique de la Tunisie pourraient inciter Saied \u00e0 abandonner sa position contre Isra\u00ebl. Il est ind\u00e9niable que les Etats-Unis, Isra\u00ebl, les EAU et le Maroc seraient fortement favorables \u00e0 l\u2019adh\u00e9sion de la Tunisie aux Accords d\u2019Abraham. Ces gouvernements pourraient essayer de pousser Saied dans cette direction. Cependant, les retomb\u00e9es pourraient alimenter les probl\u00e8mes des dirigeants de Tunis, non seulement sur le plan interne mais aussi avec son voisin alg\u00e9rien, beaucoup plus grand.<\/h3>\n<p>The post <a href=\"https:\/\/lexpertjournal.net\/fr\/?p=22726\">La Tunisie ne serait pas le prochain Etat arabe \u00e0 rejoindre le camp de la normalisation avec Isra\u00ebl<\/a> first appeared on <a href=\"https:\/\/lexpertjournal.net\/fr\">L&rsquo;Expert Journal<\/a>.<\/p>\n<\/div>\n<p>Auteur: L&rsquo;expert<br \/>\n<a href=\"https:\/\/lexpertjournal.net\/fr\/?p=22726\">Cliquez ici pour lire l&rsquo;article depuis sa source.<\/a><\/p>\n","protected":false},"excerpt":{"rendered":"<p>Depuis que le Maroc a rejoint les Accords d\u2019Abraham en d\u00e9cembre 2020, les sp\u00e9culations\u00a0 ne d\u00e9senflent pas\u00a0 sur l\u2019Etat\u00a0 arabe qui pourrait \u00eatre le prochain \u00e0 s\u2019inscrire dans\u00a0 ce mouvement\u00a0 pro-normalisation avec Isra\u00ebl. Divers responsables am\u00e9ricains et m\u00e9dias isra\u00e9liens ont laiss\u00e9 entendre ou pr\u00e9dit que la Tunisie pourrait \u00eatre ce pays. Mais bien que la [&hellip;]<\/p>\n","protected":false},"author":1775,"featured_media":0,"comment_status":"closed","ping_status":"closed","sticky":false,"template":"","format":"standard","meta":{"fifu_image_url":"","fifu_image_alt":"","footnotes":""},"categories":[78,55],"tags":[],"class_list":["post-154569","post","type-post","status-publish","format-standard","hentry","category-economie","category-tunisie"],"_links":{"self":[{"href":"https:\/\/linitiative.ca\/International\/wp-json\/wp\/v2\/posts\/154569","targetHints":{"allow":["GET"]}}],"collection":[{"href":"https:\/\/linitiative.ca\/International\/wp-json\/wp\/v2\/posts"}],"about":[{"href":"https:\/\/linitiative.ca\/International\/wp-json\/wp\/v2\/types\/post"}],"author":[{"embeddable":true,"href":"https:\/\/linitiative.ca\/International\/wp-json\/wp\/v2\/users\/1775"}],"replies":[{"embeddable":true,"href":"https:\/\/linitiative.ca\/International\/wp-json\/wp\/v2\/comments?post=154569"}],"version-history":[{"count":0,"href":"https:\/\/linitiative.ca\/International\/wp-json\/wp\/v2\/posts\/154569\/revisions"}],"wp:attachment":[{"href":"https:\/\/linitiative.ca\/International\/wp-json\/wp\/v2\/media?parent=154569"}],"wp:term":[{"taxonomy":"category","embeddable":true,"href":"https:\/\/linitiative.ca\/International\/wp-json\/wp\/v2\/categories?post=154569"},{"taxonomy":"post_tag","embeddable":true,"href":"https:\/\/linitiative.ca\/International\/wp-json\/wp\/v2\/tags?post=154569"}],"curies":[{"name":"wp","href":"https:\/\/api.w.org\/{rel}","templated":true}]}}