{"id":154703,"date":"2022-08-11T15:08:07","date_gmt":"2022-08-11T19:08:07","guid":{"rendered":"https:\/\/linitiative.ca\/International\/affaire-de-gros-bras-des-terroristes-peuvent-en-cacher-dautres\/"},"modified":"2022-08-11T15:08:07","modified_gmt":"2022-08-11T19:08:07","slug":"affaire-de-gros-bras-des-terroristes-peuvent-en-cacher-dautres","status":"publish","type":"post","link":"https:\/\/linitiative.ca\/International\/affaire-de-gros-bras-des-terroristes-peuvent-en-cacher-dautres\/","title":{"rendered":"\u00a0\u00ab\u00a0AFFAIRE DE \u00a0GROS BRAS\u00a0\u00bb : Des terroristes peuvent en cacher d\u2019autres"},"content":{"rendered":"<div>\n<p><img decoding=\"async\" width=\"1137\" height=\"636\" src=\"https:\/\/linitiative.ca\/International\/wp-content\/uploads\/sites\/23\/2022\/08\/lepaysresponsive-1-1.png\" class=\"attachment- default-featured-img\" alt=\"\" loading=\"lazy\" srcset=\"https:\/\/linitiative.ca\/International\/wp-content\/uploads\/sites\/23\/2022\/08\/lepaysresponsive-1-1.png 1137w, https:\/\/lepays.bf\/wp-content\/uploads\/2022\/05\/lepaysresponsive-1-300x168.png 300w, https:\/\/lepays.bf\/wp-content\/uploads\/2022\/05\/lepaysresponsive-1-1024x573.png 1024w, https:\/\/lepays.bf\/wp-content\/uploads\/2022\/05\/lepaysresponsive-1-150x84.png 150w, https:\/\/lepays.bf\/wp-content\/uploads\/2022\/05\/lepaysresponsive-1-768x430.png 768w\" sizes=\"auto, (max-width: 1137px) 100vw, 1137px\">Il y a un ph\u00e9nom\u00e8ne qui, depuis quelque temps, est en train de prendre corps dans notre pays, et qui, \u00e0 mon avis, constitue une r\u00e9elle menace pour l\u2019Etat de droit. Il s\u2019agit de cette \u00ab\u00a0affaire de gros bras\u00a0\u00bb. Tout a commenc\u00e9, en effet, le [\u2026]<\/p>\n<p>L\u2019article <a rel=\"nofollow\" href=\"https:\/\/lepays.bf\/affaire-de-gros-bras-des-terroristes-peuvent-en-cacher-dautres\/\">\u00a0\u00ab\u00a0AFFAIRE DE \u00a0GROS BRAS\u00a0\u00bb : Des terroristes peuvent en cacher d\u2019autres<\/a> est apparu en premier sur <a rel=\"nofollow\" href=\"https:\/\/lepays.bf\/\">Editions Le Pays<\/a>.<\/p>\n<\/div>\n<p>Auteur: Editions LEPAYS<br \/>\n<a href=\"https:\/\/lepays.bf\/affaire-de-gros-bras-des-terroristes-peuvent-en-cacher-dautres\/\">Cliquez ici pour lire l&rsquo;article depuis sa source.<\/a><\/p>\n","protected":false},"excerpt":{"rendered":"<p>Il y a un ph\u00e9nom\u00e8ne qui, depuis quelque temps, est en train de prendre corps dans notre pays, et qui, \u00e0 mon avis, constitue une r\u00e9elle menace pour l\u2019Etat de droit. Il s\u2019agit de cette \u00ab\u00a0affaire de gros bras\u00a0\u00bb. Tout a commenc\u00e9, en effet, le [\u2026] L\u2019article \u00a0\u00ab\u00a0AFFAIRE DE \u00a0GROS BRAS\u00a0\u00bb : Des terroristes peuvent [&hellip;]<\/p>\n","protected":false},"author":1813,"featured_media":0,"comment_status":"closed","ping_status":"closed","sticky":false,"template":"","format":"standard","meta":{"fifu_image_url":"https:\/\/lepays.bf\/wp-content\/uploads\/2022\/05\/lepaysresponsive-1.png","fifu_image_alt":"\u00a0\u00ab\u00a0AFFAIRE DE \u00a0GROS BRAS\u00a0\u00bb : Des terroristes peuvent en cacher d\u2019autres","footnotes":""},"categories":[73,81],"tags":[],"class_list":["post-154703","post","type-post","status-publish","format-standard","hentry","category-actualite","category-burkina-faso"],"_links":{"self":[{"href":"https:\/\/linitiative.ca\/International\/wp-json\/wp\/v2\/posts\/154703","targetHints":{"allow":["GET"]}}],"collection":[{"href":"https:\/\/linitiative.ca\/International\/wp-json\/wp\/v2\/posts"}],"about":[{"href":"https:\/\/linitiative.ca\/International\/wp-json\/wp\/v2\/types\/post"}],"author":[{"embeddable":true,"href":"https:\/\/linitiative.ca\/International\/wp-json\/wp\/v2\/users\/1813"}],"replies":[{"embeddable":true,"href":"https:\/\/linitiative.ca\/International\/wp-json\/wp\/v2\/comments?post=154703"}],"version-history":[{"count":0,"href":"https:\/\/linitiative.ca\/International\/wp-json\/wp\/v2\/posts\/154703\/revisions"}],"wp:attachment":[{"href":"https:\/\/linitiative.ca\/International\/wp-json\/wp\/v2\/media?parent=154703"}],"wp:term":[{"taxonomy":"category","embeddable":true,"href":"https:\/\/linitiative.ca\/International\/wp-json\/wp\/v2\/categories?post=154703"},{"taxonomy":"post_tag","embeddable":true,"href":"https:\/\/linitiative.ca\/International\/wp-json\/wp\/v2\/tags?post=154703"}],"curies":[{"name":"wp","href":"https:\/\/api.w.org\/{rel}","templated":true}]}}