{"id":154705,"date":"2022-08-11T15:12:33","date_gmt":"2022-08-11T19:12:33","guid":{"rendered":"https:\/\/linitiative.ca\/International\/polemique-sur-la-grace-presidentielle-accordee-au-christ-de-mama-ado-et-gbagbo-sont-ils-dans-des-calculs-politiciens\/"},"modified":"2022-08-11T15:12:33","modified_gmt":"2022-08-11T19:12:33","slug":"polemique-sur-la-grace-presidentielle-accordee-au-christ-de-mama-ado-et-gbagbo-sont-ils-dans-des-calculs-politiciens","status":"publish","type":"post","link":"https:\/\/linitiative.ca\/International\/polemique-sur-la-grace-presidentielle-accordee-au-christ-de-mama-ado-et-gbagbo-sont-ils-dans-des-calculs-politiciens\/","title":{"rendered":"POLEMIQUE SUR LA GRACE PRESIDENTIELLE ACCORDEE AU CHRIST DE MAMA\u00a0: ADO et Gbagbo sont-ils dans des calculs politiciens\u00a0?"},"content":{"rendered":"<div>\n<p><img loading=\"lazy\" decoding=\"async\" width=\"700\" height=\"394\" src=\"https:\/\/linitiative.ca\/International\/wp-content\/uploads\/sites\/23\/2022\/08\/ouattaragbagbooo.jpg\" class=\"attachment- size- wp-post-image\" alt=\"\" style=\"float:left; margin:0 15px 15px 0;\" srcset=\"https:\/\/linitiative.ca\/International\/wp-content\/uploads\/sites\/23\/2022\/08\/ouattaragbagbooo.jpg 700w, https:\/\/lepays.bf\/wp-content\/uploads\/2022\/08\/ouattaragbagbooo-300x169.jpg 300w, https:\/\/lepays.bf\/wp-content\/uploads\/2022\/08\/ouattaragbagbooo-150x84.jpg 150w\" sizes=\"auto, (max-width: 700px) 100vw, 700px\">A la faveur de c\u00e9l\u00e9bration du 62\u00e8me anniversaire de l\u2019ind\u00e9pendance de la C\u00f4te d\u2019Ivoire, le pr\u00e9sident Alassane Dramane Ouattara (ADO), dans son discours \u00e0 la Nation, a prononc\u00e9 une gr\u00e2ce pr\u00e9sidentielle en faveur de son pr\u00e9d\u00e9cesseur, Laurent Gbagbo. L\u2019ancien pr\u00e9sident est sous le coup d\u2019une [\u2026]<\/p>\n<p>L\u2019article <a rel=\"nofollow\" href=\"https:\/\/lepays.bf\/polemique-sur-la-grace-presidentielle-accordee-au-christ-de-mama-ado-et-gbagbo-sont-ils-dans-des-calculs-politiciens\/\">POLEMIQUE SUR LA GRACE PRESIDENTIELLE ACCORDEE AU CHRIST DE MAMA\u00a0: ADO et Gbagbo sont-ils dans des calculs politiciens\u00a0?<\/a> est apparu en premier sur <a rel=\"nofollow\" href=\"https:\/\/lepays.bf\/\">Editions Le Pays<\/a>.<\/p>\n<\/div>\n<p>Auteur: Editions LEPAYS<br \/>\n<a href=\"https:\/\/lepays.bf\/polemique-sur-la-grace-presidentielle-accordee-au-christ-de-mama-ado-et-gbagbo-sont-ils-dans-des-calculs-politiciens\/\">Cliquez ici pour lire l&rsquo;article depuis sa source.<\/a><\/p>\n","protected":false},"excerpt":{"rendered":"<p>A la faveur de c\u00e9l\u00e9bration du 62\u00e8me anniversaire de l\u2019ind\u00e9pendance de la C\u00f4te d\u2019Ivoire, le pr\u00e9sident Alassane Dramane Ouattara (ADO), dans son discours \u00e0 la Nation, a prononc\u00e9 une gr\u00e2ce pr\u00e9sidentielle en faveur de son pr\u00e9d\u00e9cesseur, Laurent Gbagbo. L\u2019ancien pr\u00e9sident est sous le coup d\u2019une [\u2026] L\u2019article POLEMIQUE SUR LA GRACE PRESIDENTIELLE ACCORDEE AU CHRIST [&hellip;]<\/p>\n","protected":false},"author":1813,"featured_media":0,"comment_status":"closed","ping_status":"closed","sticky":false,"template":"","format":"standard","meta":{"fifu_image_url":"https:\/\/lepays.bf\/wp-content\/uploads\/2022\/08\/ouattaragbagbooo.jpg","fifu_image_alt":"POLEMIQUE SUR LA GRACE PRESIDENTIELLE ACCORDEE AU CHRIST DE MAMA\u00a0: ADO et Gbagbo sont-ils dans des calculs politiciens\u00a0?","footnotes":""},"categories":[73,81],"tags":[],"class_list":["post-154705","post","type-post","status-publish","format-standard","hentry","category-actualite","category-burkina-faso"],"_links":{"self":[{"href":"https:\/\/linitiative.ca\/International\/wp-json\/wp\/v2\/posts\/154705","targetHints":{"allow":["GET"]}}],"collection":[{"href":"https:\/\/linitiative.ca\/International\/wp-json\/wp\/v2\/posts"}],"about":[{"href":"https:\/\/linitiative.ca\/International\/wp-json\/wp\/v2\/types\/post"}],"author":[{"embeddable":true,"href":"https:\/\/linitiative.ca\/International\/wp-json\/wp\/v2\/users\/1813"}],"replies":[{"embeddable":true,"href":"https:\/\/linitiative.ca\/International\/wp-json\/wp\/v2\/comments?post=154705"}],"version-history":[{"count":0,"href":"https:\/\/linitiative.ca\/International\/wp-json\/wp\/v2\/posts\/154705\/revisions"}],"wp:attachment":[{"href":"https:\/\/linitiative.ca\/International\/wp-json\/wp\/v2\/media?parent=154705"}],"wp:term":[{"taxonomy":"category","embeddable":true,"href":"https:\/\/linitiative.ca\/International\/wp-json\/wp\/v2\/categories?post=154705"},{"taxonomy":"post_tag","embeddable":true,"href":"https:\/\/linitiative.ca\/International\/wp-json\/wp\/v2\/tags?post=154705"}],"curies":[{"name":"wp","href":"https:\/\/api.w.org\/{rel}","templated":true}]}}