{"id":154729,"date":"2022-08-12T08:00:34","date_gmt":"2022-08-12T12:00:34","guid":{"rendered":"https:\/\/linitiative.ca\/International\/hajar-adnane-lance-laassal\/"},"modified":"2022-08-12T08:00:34","modified_gmt":"2022-08-12T12:00:34","slug":"hajar-adnane-lance-laassal","status":"publish","type":"post","link":"https:\/\/linitiative.ca\/International\/hajar-adnane-lance-laassal\/","title":{"rendered":"Hajar Adnane lance \u00abLa\u00e2ssal\u00bb"},"content":{"rendered":"<div>\n<p><img decoding=\"async\" width=\"300\" height=\"153\" src=\"https:\/\/linitiative.ca\/International\/wp-content\/uploads\/sites\/23\/2022\/08\/Hajar-Adnane-300x153-1.jpeg\" class=\"attachment-medium size-medium wp-post-image\" alt=\"\" loading=\"lazy\" srcset=\"https:\/\/linitiative.ca\/International\/wp-content\/uploads\/sites\/23\/2022\/08\/Hajar-Adnane-300x153-1.jpeg 300w, https:\/\/aujourdhui.ma\/wp-content\/uploads\/2022\/08\/Hajar-Adnane-274x140.jpeg 274w, https:\/\/aujourdhui.ma\/wp-content\/uploads\/2022\/08\/Hajar-Adnane.jpeg 746w, https:\/\/aujourdhui.ma\/wp-content\/uploads\/2022\/08\/Hajar-Adnane-165x84.jpeg 165w, https:\/\/aujourdhui.ma\/wp-content\/uploads\/2022\/08\/Hajar-Adnane-702x358.jpeg 702w\" sizes=\"auto, (max-width: 300px) 100vw, 300px\"><\/p>\n<p class=\"p1\"><strong><span style=\"color: #800000; font-size: 20px;\">C\u2019est la deuxi\u00e8me fois qu\u2019elle \u00e9crit et compose son propre single<\/span><\/strong><span id=\"more-415398\"><\/span><\/p>\n<p class=\"p1\"><span class=\"s1\">Encore un nouveau single pour Hajar Adnane. Intitul\u00e9<span class=\"Apple-converted-space\">\u00a0 <\/span>La\u00e2ssal\u00bb (Le miel), ce morceau, que la chanteuse vient tout juste de lancer, a la particularit\u00e9 d\u2019\u00eatre con\u00e7u par ses propres soins. <\/span><\/p>\n<p class=\"p1\"><span class=\"s1\">En fait c\u2019est la deuxi\u00e8me fois qu\u2019elle con\u00e7oit les paroles et la composition de son \u0153uvre \u00e0 elle pour un arrangement de l\u2019artiste, Adel El Khalifi. Le tout sous le management artistique d\u2019Imad Najlani. <\/span><\/p>\n<p class=\"p1\"><span class=\"s1\">A propos de cette \u0153uvre elle r\u00e9v\u00e8le, quelques jours avant sa sortie, sur son compte officiel Istagram : \u00abUn nouveau single en vue\u00bb. \u00abUn hit tr\u00e8s particulier\u00bb, encha\u00eene-t-elle dans son post garni d\u2019une abeille. De quoi refl\u00e9ter l\u2019intitul\u00e9 de ce tube qui, pour l\u2019heure, r\u00e9colte d\u00e9j\u00e0 un succ\u00e8s. En moins de 24h, il est d\u2019ailleurs arriv\u00e9 \u00e0 environ 50.000 vues. <\/span><\/p>\n<p class=\"p1\"><span class=\"s1\">Outre \u00abLa\u00e2ssal\u00bb, cette interpr\u00e8te a un autre titre \u00e9crit par elle-m\u00eame. Dans \u00abMoul jabadour\u00bb (Ah celui qui porte la tunique traditionnelle), qui c\u00e9l\u00e8bre l\u2019homme marocain et son aspect vestimentaire authentique, elle m\u00e8ne sa premi\u00e8re exp\u00e9rience non seulement en paroles mais aussi en composition pour un arrangement de l\u2019artiste Badr El Makhlouk. Le tout \u00e9galement sous la direction artistique d\u2019Imad Najlani. Une \u0153uvre lanc\u00e9e, tel qu\u2019elle l\u2019indique, en guise de \u00abpr\u00e9sent pour les mari\u00e9s\u00bb lors de la 16\u00e8me saison de l\u2019\u00e9mission \u00abLalla La\u00e2roussa\u00bb. <span class=\"Apple-converted-space\">\u00a0 \u00a0<\/span><\/span><\/p>\n<p class=\"p1\"><span class=\"s1\">La chanteuse a au compteur d\u2019autres morceaux lanc\u00e9s cette ann\u00e9e. C\u2019est le cas de \u00abLkhatem\u00bb (La bague) dont le nombre de vues d\u00e9passe deux millions sur YouTube en un mois apr\u00e8s son lancement. Les paroles \u00e9tant con\u00e7ues par le po\u00e8te Mohamed Amir pour une composition de Mohamed Farsi et un arrangement de Badr Makhlouki. Quant au clip, il est tourn\u00e9 \u00e0 Marrakech sous la direction du r\u00e9alisateur Amine Mortada et du m\u00eame manager Imad Najlani. Dans le vid\u00e9oclip, c\u2019est une Hajar Adnane dynamique que les m\u00e9lomanes d\u00e9couvrent, pour rappel, dans une ambiance festive \u00e0 l\u2019instar des c\u00e9r\u00e9monies de mariage bien de chez nous.<\/span><\/p>\n<p class=\"p1\"><span class=\"s1\">En cet \u00e9t\u00e9, elle se produit dans des \u00e9v\u00e9nements comme \u00abBladi Summer\u00bb le temps d\u2019un concert anim\u00e9 par ses soins le 9 ao\u00fbt dernier \u00e0 Ifrane. <\/span><\/p>\n<p class=\"p1\"><span class=\"s1\">Bien avant cette p\u00e9riode estivale, elle a lanc\u00e9 \u00abMachi Malkit\u00bb (Ce n\u2019est pas que j\u2019ai pas trouv\u00e9) qui a, \u00e0 son tour, r\u00e9colt\u00e9 plus d\u2019un million de vues sur YouTube. C\u2019est en fait le troisi\u00e8me single dans le parcours de l\u2019artiste, consid\u00e9r\u00e9e comme la star de Star Academy du Maghreb, elle est d\u2019ailleurs sortie gagnante de la seule \u00e9dition de cette \u00e9mission apr\u00e8s son retour sur la sc\u00e8ne artistique suite \u00e0 un arr\u00eat voulu de dix ans \u00e0 peu pr\u00e8s.<\/span><\/p>\n<p class=\"p1\"><span class=\"s1\">Et ce n\u2019est pas tout ! La chanteuse est \u00e9galement actrice. Elle est l\u2019h\u00e9ro\u00efne de la s\u00e9rie comique \u00e0 succ\u00e8s \u00abDar El Ouarata\u00bb (La maison des h\u00e9ritiers) diffus\u00e9e pendant le Ramadan sur Al Aoula. En 2021, elle a men\u00e9 une nouvelle exp\u00e9rience en personnification dans la sitcom ramadanesque \u00abKoulna Mgharba\u00bb (Nous sommes tous marocains) de sa r\u00e9alisatrice Safae Baraka. Dans cette \u0153uvre diffus\u00e9e sur 2M, elle a interpr\u00e9t\u00e9 le r\u00f4le d\u2019une femme sahraouie appel\u00e9e \u00abFnina\u00bb. Une s\u00e9rie qu\u2019elle a \u00e9galement marqu\u00e9e par l\u2019interpr\u00e9tation, avec le chanteur Zakaria Ghafouli du g\u00e9n\u00e9rique \u00abAna Mzaweg Fik\u00bb (Je te supplie). Un tube qui a r\u00e9colt\u00e9 environ cinq millions de vues. En plus de ce duo, cette interpr\u00e8te, qui a aussi chant\u00e9 \u00abEl Youma Khlas\u00bb (\u00c7a suffit), s\u2019est produite avec Badr Soultan dans \u00abManich Menna\u00bb. Comme elle a lanc\u00e9 le morceau alg\u00e9rien \u00abLalla Turkia\u00bb avec le rappeur Amine El Kaiser. <\/span><\/p>\n<p class=\"p1\"><span class=\"s1\">En encha\u00eenant des \u0153uvres \u00e0 succ\u00e8s, l\u2019artiste gagne davantage en succ\u00e8s aupr\u00e8s du public marocain outre ses collaborations qui lui donneront s\u00fbrement une renomm\u00e9e internationale. <\/span><\/p>\n<p class=\"p1\">\n<div class=\"base-box mom_box_sc_custom mom_box_sc clear\" style=\"-moz-border-radius: 5px; border-radius: 5px;background-color:#fddeef;\">\n\t\tA propos de cette \u0153uvre elle r\u00e9v\u00e8le, quelques jours avant sa sortie, sur son compte officiel Istagram : \u00abUn nouveau single en vue\u00bb. \u00abUn hit tr\u00e8s particulier\u00bb, encha\u00eene-t-elle dans son post garni d\u2019une abeille. De quoi refl\u00e9ter l\u2019intitul\u00e9 de ce tube qui, pour l\u2019heure, r\u00e9colte d\u00e9j\u00e0 un succ\u00e8s. En moins de 24h, il est d\u2019ailleurs arriv\u00e9 \u00e0 environ 50.000 vues. <\/div>\n<\/div>\n<p>Auteur: Salima Guisser<br \/>\n<a href=\"https:\/\/aujourdhui.ma\/autre\/hajar-adnane-lance-laassal\">Cliquez ici pour lire l&rsquo;article depuis sa source.<\/a><\/p>\n","protected":false},"excerpt":{"rendered":"<p>C\u2019est la deuxi\u00e8me fois qu\u2019elle \u00e9crit et compose son propre single Encore un nouveau single pour Hajar Adnane. Intitul\u00e9\u00a0 La\u00e2ssal\u00bb (Le miel), ce morceau, que la chanteuse vient tout juste de lancer, a la particularit\u00e9 d\u2019\u00eatre con\u00e7u par ses propres soins. En fait c\u2019est la deuxi\u00e8me fois qu\u2019elle con\u00e7oit les paroles et la composition de [&hellip;]<\/p>\n","protected":false},"author":1759,"featured_media":0,"comment_status":"closed","ping_status":"closed","sticky":false,"template":"","format":"standard","meta":{"fifu_image_url":"https:\/\/aujourdhui.ma\/wp-content\/uploads\/2022\/08\/Hajar-Adnane-300x153.jpeg","fifu_image_alt":"Hajar Adnane lance \u00abLa\u00e2ssal\u00bb","footnotes":""},"categories":[73,54],"tags":[],"class_list":["post-154729","post","type-post","status-publish","format-standard","hentry","category-actualite","category-maroc"],"_links":{"self":[{"href":"https:\/\/linitiative.ca\/International\/wp-json\/wp\/v2\/posts\/154729","targetHints":{"allow":["GET"]}}],"collection":[{"href":"https:\/\/linitiative.ca\/International\/wp-json\/wp\/v2\/posts"}],"about":[{"href":"https:\/\/linitiative.ca\/International\/wp-json\/wp\/v2\/types\/post"}],"author":[{"embeddable":true,"href":"https:\/\/linitiative.ca\/International\/wp-json\/wp\/v2\/users\/1759"}],"replies":[{"embeddable":true,"href":"https:\/\/linitiative.ca\/International\/wp-json\/wp\/v2\/comments?post=154729"}],"version-history":[{"count":0,"href":"https:\/\/linitiative.ca\/International\/wp-json\/wp\/v2\/posts\/154729\/revisions"}],"wp:attachment":[{"href":"https:\/\/linitiative.ca\/International\/wp-json\/wp\/v2\/media?parent=154729"}],"wp:term":[{"taxonomy":"category","embeddable":true,"href":"https:\/\/linitiative.ca\/International\/wp-json\/wp\/v2\/categories?post=154729"},{"taxonomy":"post_tag","embeddable":true,"href":"https:\/\/linitiative.ca\/International\/wp-json\/wp\/v2\/tags?post=154729"}],"curies":[{"name":"wp","href":"https:\/\/api.w.org\/{rel}","templated":true}]}}