{"id":154762,"date":"2022-08-12T10:14:22","date_gmt":"2022-08-12T14:14:22","guid":{"rendered":"https:\/\/linitiative.ca\/International\/des-temperatures-caniculaires-annoncees-samedi-et-dimanche-sur-louest-et-le-centre-du-pays\/"},"modified":"2022-08-12T10:14:22","modified_gmt":"2022-08-12T14:14:22","slug":"des-temperatures-caniculaires-annoncees-samedi-et-dimanche-sur-louest-et-le-centre-du-pays","status":"publish","type":"post","link":"https:\/\/linitiative.ca\/International\/des-temperatures-caniculaires-annoncees-samedi-et-dimanche-sur-louest-et-le-centre-du-pays\/","title":{"rendered":"Des temp\u00e9ratures caniculaires annonc\u00e9es samedi et dimanche sur l&rsquo;Ouest et le Centre du pays"},"content":{"rendered":"<div>\n<div class=\"K2FeedImage\"><img decoding=\"async\" src=\"https:\/\/www.aps.dz\/media\/k2\/items\/cache\/8c566e644ceab453b6a20249dba1ffe1_S.jpg\" alt=\"Des temp\u00e9ratures caniculaires annonc\u00e9es samedi et dimanche sur l'Ouest et le Centre du pays\"><\/div>\n<div class=\"K2FeedIntroText\">\n<p><strong>ALGER &#8211; Des temp\u00e9ratures caniculaires pouvant atteindre 46 degr\u00e9s affecteront plusieurs wilayas de l&rsquo;Ouest et du Centre du pays samedi et dimanche, indique vendredi un bulletin m\u00e9t\u00e9orologique sp\u00e9cial (BMS) \u00e9mis par l&rsquo;Office national de m\u00e9t\u00e9orologie.<\/strong><\/p>\n<\/div>\n<div class=\"K2FeedFullText\">\n<p>Plac\u00e9e en vigilance \u00ab\u00a0Orange\u00a0\u00bb, la canicule affectera les wilayas d&rsquo;Ain T\u00e9mouchent, Oran, Mostaganem, Tipaza, Alger et Boumerd\u00e8s avec des temp\u00e9ratures oscillant entre 40 et 42 degr\u00e9s.<\/p>\n<p>Les wilayas de Tlemcen, Sidi Bel Abb\u00e9s, Mascara, Relizane, Chlef et Ain-Defla seront \u00e9galement touch\u00e9es par cette vague de chaleur o\u00f9 les temp\u00e9rature pr\u00e9vue oscilleront entre 44 et 46 degr\u00e9s.<\/p>\n<\/div>\n<\/div>\n<p>Auteur:<br \/>\n<a href=\"https:\/\/www.aps.dz\/regions\/143728-des-temperatures-caniculaires-annoncees-samedi-et-dimanche-sur-l-ouest-et-le-centre-du-pays\">Cliquez ici pour lire l&rsquo;article depuis sa source.<\/a><\/p>\n","protected":false},"excerpt":{"rendered":"<p>ALGER &#8211; Des temp\u00e9ratures caniculaires pouvant atteindre 46 degr\u00e9s affecteront plusieurs wilayas de l&rsquo;Ouest et du Centre du pays samedi et dimanche, indique vendredi un bulletin m\u00e9t\u00e9orologique sp\u00e9cial (BMS) \u00e9mis par l&rsquo;Office national de m\u00e9t\u00e9orologie. Plac\u00e9e en vigilance \u00ab\u00a0Orange\u00a0\u00bb, la canicule affectera les wilayas d&rsquo;Ain T\u00e9mouchent, Oran, Mostaganem, Tipaza, Alger et Boumerd\u00e8s avec des temp\u00e9ratures [&hellip;]<\/p>\n","protected":false},"author":1790,"featured_media":0,"comment_status":"closed","ping_status":"closed","sticky":false,"template":"","format":"standard","meta":{"fifu_image_url":"https:\/\/www.aps.dz\/media\/k2\/items\/cache\/8c566e644ceab453b6a20249dba1ffe1_S.jpg","fifu_image_alt":"<div>Des temp\u00e9ratures caniculaires annonc\u00e9es samedi et dimanche sur l'Ouest et le Centre du pays<\/div>","footnotes":""},"categories":[53,76],"tags":[],"class_list":["post-154762","post","type-post","status-publish","format-standard","hentry","category-algerie","category-regions"],"_links":{"self":[{"href":"https:\/\/linitiative.ca\/International\/wp-json\/wp\/v2\/posts\/154762","targetHints":{"allow":["GET"]}}],"collection":[{"href":"https:\/\/linitiative.ca\/International\/wp-json\/wp\/v2\/posts"}],"about":[{"href":"https:\/\/linitiative.ca\/International\/wp-json\/wp\/v2\/types\/post"}],"author":[{"embeddable":true,"href":"https:\/\/linitiative.ca\/International\/wp-json\/wp\/v2\/users\/1790"}],"replies":[{"embeddable":true,"href":"https:\/\/linitiative.ca\/International\/wp-json\/wp\/v2\/comments?post=154762"}],"version-history":[{"count":0,"href":"https:\/\/linitiative.ca\/International\/wp-json\/wp\/v2\/posts\/154762\/revisions"}],"wp:attachment":[{"href":"https:\/\/linitiative.ca\/International\/wp-json\/wp\/v2\/media?parent=154762"}],"wp:term":[{"taxonomy":"category","embeddable":true,"href":"https:\/\/linitiative.ca\/International\/wp-json\/wp\/v2\/categories?post=154762"},{"taxonomy":"post_tag","embeddable":true,"href":"https:\/\/linitiative.ca\/International\/wp-json\/wp\/v2\/tags?post=154762"}],"curies":[{"name":"wp","href":"https:\/\/api.w.org\/{rel}","templated":true}]}}