{"id":154768,"date":"2022-08-12T11:51:56","date_gmt":"2022-08-12T15:51:56","guid":{"rendered":"https:\/\/linitiative.ca\/International\/plus-de-140-000-voyages-subventionnes-au-profit-du-personnel-de-lenseignement\/"},"modified":"2022-08-12T11:51:56","modified_gmt":"2022-08-12T15:51:56","slug":"plus-de-140-000-voyages-subventionnes-au-profit-du-personnel-de-lenseignement","status":"publish","type":"post","link":"https:\/\/linitiative.ca\/International\/plus-de-140-000-voyages-subventionnes-au-profit-du-personnel-de-lenseignement\/","title":{"rendered":"Plus de 140.000 voyages subventionn\u00e9s au profit du personnel de l\u2019enseignement"},"content":{"rendered":"<div>\n<div class=\"field field-name-body field-type-text-with-summary field-label-hidden\">\n<div class=\"field-items\">\n<div class=\"field-item even\" property=\"content:encoded\">\n<p class=\"rtejustify\">La famille de l\u2019enseignement b\u00e9n\u00e9ficie de plus des voyages subventionn\u00e9s par autocar dans le cadre d\u2019une convention de partenariat avec la soci\u00e9t\u00e9 Supratours, rappelle la Fondation Mohammed VI de Promotion des \u0152uvres Sociales de l\u2019Education-Formation. A ce titre, cette derni\u00e8re signale la mise en place, depuis sa cr\u00e9ation, des subventions pour all\u00e9ger les frais de d\u00e9placement et de voyage support\u00e9s par la famille de l\u2019enseignement.<\/p>\n<\/div>\n<\/div>\n<\/div>\n<\/div>\n<p>Auteur: hgueye<br \/>\n<a href=\"https:\/\/www.leconomiste.com\/flash-infos\/plus-de-140-000-voyages-subventionnes-au-profit-du-personnel-de-l-enseignement\">Cliquez ici pour lire l&rsquo;article depuis sa source.<\/a><\/p>\n","protected":false},"excerpt":{"rendered":"<p>La famille de l\u2019enseignement b\u00e9n\u00e9ficie de plus des voyages subventionn\u00e9s par autocar dans le cadre d\u2019une convention de partenariat avec la soci\u00e9t\u00e9 Supratours, rappelle la Fondation Mohammed VI de Promotion des \u0152uvres Sociales de l\u2019Education-Formation. A ce titre, cette derni\u00e8re signale la mise en place, depuis sa cr\u00e9ation, des subventions pour all\u00e9ger les frais de [&hellip;]<\/p>\n","protected":false},"author":1763,"featured_media":0,"comment_status":"closed","ping_status":"closed","sticky":false,"template":"","format":"standard","meta":{"fifu_image_url":"","fifu_image_alt":"","footnotes":""},"categories":[78,54],"tags":[],"class_list":["post-154768","post","type-post","status-publish","format-standard","hentry","category-economie","category-maroc"],"_links":{"self":[{"href":"https:\/\/linitiative.ca\/International\/wp-json\/wp\/v2\/posts\/154768","targetHints":{"allow":["GET"]}}],"collection":[{"href":"https:\/\/linitiative.ca\/International\/wp-json\/wp\/v2\/posts"}],"about":[{"href":"https:\/\/linitiative.ca\/International\/wp-json\/wp\/v2\/types\/post"}],"author":[{"embeddable":true,"href":"https:\/\/linitiative.ca\/International\/wp-json\/wp\/v2\/users\/1763"}],"replies":[{"embeddable":true,"href":"https:\/\/linitiative.ca\/International\/wp-json\/wp\/v2\/comments?post=154768"}],"version-history":[{"count":0,"href":"https:\/\/linitiative.ca\/International\/wp-json\/wp\/v2\/posts\/154768\/revisions"}],"wp:attachment":[{"href":"https:\/\/linitiative.ca\/International\/wp-json\/wp\/v2\/media?parent=154768"}],"wp:term":[{"taxonomy":"category","embeddable":true,"href":"https:\/\/linitiative.ca\/International\/wp-json\/wp\/v2\/categories?post=154768"},{"taxonomy":"post_tag","embeddable":true,"href":"https:\/\/linitiative.ca\/International\/wp-json\/wp\/v2\/tags?post=154768"}],"curies":[{"name":"wp","href":"https:\/\/api.w.org\/{rel}","templated":true}]}}