{"id":154777,"date":"2022-08-12T10:25:00","date_gmt":"2022-08-12T14:25:00","guid":{"rendered":"https:\/\/linitiative.ca\/International\/mohamed-larbi-bouguerra-la-tunisie-pays-du-deni-climatique\/"},"modified":"2022-08-12T10:25:00","modified_gmt":"2022-08-12T14:25:00","slug":"mohamed-larbi-bouguerra-la-tunisie-pays-du-deni-climatique","status":"publish","type":"post","link":"https:\/\/linitiative.ca\/International\/mohamed-larbi-bouguerra-la-tunisie-pays-du-deni-climatique\/","title":{"rendered":"Mohamed Larbi Bouguerra: La Tunisie, pays du d\u00e9ni climatique?"},"content":{"rendered":"<div><img decoding=\"async\" src=\"https:\/\/linitiative.ca\/International\/wp-content\/uploads\/sites\/23\/2022\/08\/1660310745_article.jpg\" alt=\"Mohamed Larbi Bouguerra: La Tunisie, pays du d\u00e9ni climatique?\" align=\"left\">En septembre 2009 d\u00e9j\u00e0, M. Antonio Guterres, Secr\u00e9taire G\u00e9n\u00e9ral de l\u2019ONU a lanc\u00e9 un appel \u00e0 l\u2019adresse des dirigeants du monde : \u00abNous avons l\u2019obligation de tout faire pour mettre fin \u00e0 la crise climatique.\u00bb \u00a0<br \/>\nA entendre nos responsables nous parler \u00e0 longueur de journ\u00e9e de la r\u00e9union francophone de Djerba \u00e0 l\u2019automne et de celle avec les Japonais et les Africains fin ao\u00fbt, TICAD 8 ; \u00e0 \u00e9couter nos m\u00e9dias parler des festivals, des m\u00e9saventures d\u2019un humoriste connu et des menus des familles \u00e0 la plage, on se demande si tous ces gens demeurent dans des igloos et s\u2019ils n\u2019ont ni le moindre probl\u00e8me d\u2019eau ni ne souffrent de la canicule qui br\u00fble les corps et &#8230;<\/p>\n<\/div>\n<p>Auteur:<br \/>\n<a href=\"https:\/\/www.leaders.com.tn\/article\/33701-mohamed-larbi-bouguerra-la-tunisie-pays-du-deni-climatique\">Cliquez ici pour lire l&rsquo;article depuis sa source.<\/a><\/p>\n","protected":false},"excerpt":{"rendered":"<p>En septembre 2009 d\u00e9j\u00e0, M. Antonio Guterres, Secr\u00e9taire G\u00e9n\u00e9ral de l\u2019ONU a lanc\u00e9 un appel \u00e0 l\u2019adresse des dirigeants du monde : \u00abNous avons l\u2019obligation de tout faire pour mettre fin \u00e0 la crise climatique.\u00bb \u00a0 A entendre nos responsables nous parler \u00e0 longueur de journ\u00e9e de la r\u00e9union francophone de Djerba \u00e0 l\u2019automne et [&hellip;]<\/p>\n","protected":false},"author":1772,"featured_media":0,"comment_status":"closed","ping_status":"closed","sticky":false,"template":"","format":"standard","meta":{"fifu_image_url":"http:\/\/www.leaders.com.tn\/uploads\/content\/thumbnails_small\/1660310745_article.jpg","fifu_image_alt":"Mohamed Larbi Bouguerra: La Tunisie, pays du d\u00e9ni climatique?","footnotes":""},"categories":[73,55],"tags":[],"class_list":["post-154777","post","type-post","status-publish","format-standard","hentry","category-actualite","category-tunisie"],"_links":{"self":[{"href":"https:\/\/linitiative.ca\/International\/wp-json\/wp\/v2\/posts\/154777","targetHints":{"allow":["GET"]}}],"collection":[{"href":"https:\/\/linitiative.ca\/International\/wp-json\/wp\/v2\/posts"}],"about":[{"href":"https:\/\/linitiative.ca\/International\/wp-json\/wp\/v2\/types\/post"}],"author":[{"embeddable":true,"href":"https:\/\/linitiative.ca\/International\/wp-json\/wp\/v2\/users\/1772"}],"replies":[{"embeddable":true,"href":"https:\/\/linitiative.ca\/International\/wp-json\/wp\/v2\/comments?post=154777"}],"version-history":[{"count":0,"href":"https:\/\/linitiative.ca\/International\/wp-json\/wp\/v2\/posts\/154777\/revisions"}],"wp:attachment":[{"href":"https:\/\/linitiative.ca\/International\/wp-json\/wp\/v2\/media?parent=154777"}],"wp:term":[{"taxonomy":"category","embeddable":true,"href":"https:\/\/linitiative.ca\/International\/wp-json\/wp\/v2\/categories?post=154777"},{"taxonomy":"post_tag","embeddable":true,"href":"https:\/\/linitiative.ca\/International\/wp-json\/wp\/v2\/tags?post=154777"}],"curies":[{"name":"wp","href":"https:\/\/api.w.org\/{rel}","templated":true}]}}