{"id":154779,"date":"2022-08-12T12:30:00","date_gmt":"2022-08-12T16:30:00","guid":{"rendered":"https:\/\/linitiative.ca\/International\/hella-ben-youssef-egalite-de-genre-des-acquis-mais-la-segregation-persiste\/"},"modified":"2022-08-12T12:30:00","modified_gmt":"2022-08-12T16:30:00","slug":"hella-ben-youssef-egalite-de-genre-des-acquis-mais-la-segregation-persiste","status":"publish","type":"post","link":"https:\/\/linitiative.ca\/International\/hella-ben-youssef-egalite-de-genre-des-acquis-mais-la-segregation-persiste\/","title":{"rendered":"Hella Ben Youssef: Egalit\u00e9 de genre, des acquis\u2026 mais la s\u00e9gr\u00e9gation persiste"},"content":{"rendered":"<div><img decoding=\"async\" src=\"https:\/\/linitiative.ca\/International\/wp-content\/uploads\/sites\/23\/2022\/08\/1660301833_article.jpg\" alt=\"Hella Ben Youssef: Egalit\u00e9 de genre, des acquis\u2026 mais la s\u00e9gr\u00e9gation persiste\" align=\"left\">La notion d\u2019\u00e9galit\u00e9 de genre est avanc\u00e9e pour d\u00e9signer l\u2019\u00e9galit\u00e9 entre les femmes et les hommes. Elle d\u00e9crit une situation sociale dans laquelle femmes et hommes jouissent de l\u2019\u00e9galit\u00e9 des droits et des chances, o\u00f9 les besoins, les aspirations des femmes et des hommes sont \u00e9galement et indistinctement valoris\u00e9s et favoris\u00e9s. Les dispositions \u00e9ducatives comme professionnelles sont cens\u00e9es r\u00e9aliser cette exigence!<br \/>\nL\u2019\u00e9galit\u00e9 entre les sexes a, ainsi et tr\u00e8s t\u00f4t, \u00e9t\u00e9 proclam\u00e9e dans les pays scandinaves, r\u00e9els pr\u00e9curseurs dans ce domaine. Un objectif affich\u00e9 auquel s\u2019est manifestement ralli\u00e9 l\u2019ensemble de ces soci\u00e9t\u00e9s. On peut donc s\u2019\u00e9tonner que, &#8230;<\/p>\n<\/div>\n<p>Auteur:<br \/>\n<a href=\"https:\/\/www.leaders.com.tn\/article\/33700-hella-ben-youssef-egalite-de-genre-des-acquis-mais-la-segregation-persiste\">Cliquez ici pour lire l&rsquo;article depuis sa source.<\/a><\/p>\n","protected":false},"excerpt":{"rendered":"<p>La notion d\u2019\u00e9galit\u00e9 de genre est avanc\u00e9e pour d\u00e9signer l\u2019\u00e9galit\u00e9 entre les femmes et les hommes. Elle d\u00e9crit une situation sociale dans laquelle femmes et hommes jouissent de l\u2019\u00e9galit\u00e9 des droits et des chances, o\u00f9 les besoins, les aspirations des femmes et des hommes sont \u00e9galement et indistinctement valoris\u00e9s et favoris\u00e9s. Les dispositions \u00e9ducatives comme [&hellip;]<\/p>\n","protected":false},"author":1772,"featured_media":0,"comment_status":"closed","ping_status":"closed","sticky":false,"template":"","format":"standard","meta":{"fifu_image_url":"http:\/\/www.leaders.com.tn\/uploads\/content\/thumbnails_small\/1660301833_article.jpg","fifu_image_alt":"Hella Ben Youssef: Egalit\u00e9 de genre, des acquis\u2026 mais la s\u00e9gr\u00e9gation persiste","footnotes":""},"categories":[73,55],"tags":[],"class_list":["post-154779","post","type-post","status-publish","format-standard","hentry","category-actualite","category-tunisie"],"_links":{"self":[{"href":"https:\/\/linitiative.ca\/International\/wp-json\/wp\/v2\/posts\/154779","targetHints":{"allow":["GET"]}}],"collection":[{"href":"https:\/\/linitiative.ca\/International\/wp-json\/wp\/v2\/posts"}],"about":[{"href":"https:\/\/linitiative.ca\/International\/wp-json\/wp\/v2\/types\/post"}],"author":[{"embeddable":true,"href":"https:\/\/linitiative.ca\/International\/wp-json\/wp\/v2\/users\/1772"}],"replies":[{"embeddable":true,"href":"https:\/\/linitiative.ca\/International\/wp-json\/wp\/v2\/comments?post=154779"}],"version-history":[{"count":0,"href":"https:\/\/linitiative.ca\/International\/wp-json\/wp\/v2\/posts\/154779\/revisions"}],"wp:attachment":[{"href":"https:\/\/linitiative.ca\/International\/wp-json\/wp\/v2\/media?parent=154779"}],"wp:term":[{"taxonomy":"category","embeddable":true,"href":"https:\/\/linitiative.ca\/International\/wp-json\/wp\/v2\/categories?post=154779"},{"taxonomy":"post_tag","embeddable":true,"href":"https:\/\/linitiative.ca\/International\/wp-json\/wp\/v2\/tags?post=154779"}],"curies":[{"name":"wp","href":"https:\/\/api.w.org\/{rel}","templated":true}]}}