{"id":15478,"date":"2019-02-19T06:12:17","date_gmt":"2019-02-19T11:12:17","guid":{"rendered":"https:\/\/linitiative.ca\/International\/union-des-ecricvains-du-maroc-abderrahim-el-allam-quitte-le-navire\/"},"modified":"2019-02-19T06:12:17","modified_gmt":"2019-02-19T11:12:17","slug":"union-des-ecricvains-du-maroc-abderrahim-el-allam-quitte-le-navire","status":"publish","type":"post","link":"https:\/\/linitiative.ca\/International\/union-des-ecricvains-du-maroc-abderrahim-el-allam-quitte-le-navire\/","title":{"rendered":"Union des \u00e9cricvains du Maroc: Abderrahim El Allam quitte le navire"},"content":{"rendered":"<p class=\"c4\"><strong><span class=\"c2\">A<\/span><span class=\"c3\">bderrahim El Allam quitte le navire en pleine temp\u00eate! En effet, l\u2019actuel pr\u00e9sident de l\u2019Union des \u00e9crivains du Maroc\u00a0 (UEM) vient\u00a0 de se retirer de l\u2019organisation. C\u2019est\u00a0 officiel!<\/span><\/strong><\/p>\n<p class=\"c4\"><strong>L\u2019information a \u00e9t\u00e9 diffus\u00e9e sur sa page facebook. Cette d\u00e9cision a \u00e9t\u00e9 prise, a-t-il indiqu\u00e9, \u00abapr\u00e8s une r\u00e9flexion approfondie, s\u00e9rieuse et responsable, tout en prenant en consid\u00e9ration la situation et les enjeux actuels ainsi que l\u2019avenir de l\u2019organisation, et pour la valorisation et la sauvegarde des acquis et le rayonnement de l\u2019organisation dans les paysages culturels \u00e0 l\u2019\u00e9chelle nationale et internationale\u00bb.<\/strong><\/p>\n<p class=\"c4\"><strong>Il rappel\u00e9 \u00e0 cet \u00e9gard les efforts consid\u00e9rables, a-t-il estim\u00e9, qui\u00a0 ont \u00e9t\u00e9 d\u00e9ploy\u00e9s par le bureau ex\u00e9cutif de l\u2019UEM et au sein du comit\u00e9 pr\u00e9paratoire pour l\u2019organisation du 19\u00e8me congr\u00e8s national qui\u00a0 devait se d\u00e9rouler en mois de juin dernier \u00e0 Tanger. Un congr\u00e8s qui\u00a0 n\u2019a pas eu\u00a0 lieu.<\/strong><\/p>\n<p class=\"c4\"><strong>Dans cette optique, Abderrahim El Allam a exprim\u00e9 son m\u00e9contentement de la mani\u00e8re avec laquelle ce congr\u00e8s a \u00e9t\u00e9 \u00abavort\u00e9\u00bb lors de sa\u00a0 s\u00e9ance d\u2019ouverture, contre, a-t-il dit, la m\u00e9thodologie juridique et d\u00e9mocratique adopt\u00e9e par\u00a0 l\u2019organisation\u00a0 depuis sa cr\u00e9ation.<\/strong><\/p>\n<p class=\"c5\"><strong>Mohamed Nait Youssef<\/strong><\/p>\n<p>Auteur: rahal mehamed<br \/>\n<a href=\"http:\/\/albayane.press.ma\/union-des-ecricvains-du-maroc-abderrahim-el-allam-quitte-le-navire.html\">Cliquez ici pour lire l&rsquo;article depuis sa source.<\/a><\/p>\n","protected":false},"excerpt":{"rendered":"<p>Abderrahim El Allam quitte le navire en pleine temp\u00eate! En effet, l\u2019actuel pr\u00e9sident de l\u2019Union des \u00e9crivains du Maroc\u00a0 (UEM) vient\u00a0 de se retirer de l\u2019organisation. C\u2019est\u00a0 officiel! L\u2019information a \u00e9t\u00e9 diffus\u00e9e sur sa page facebook. Cette d\u00e9cision a \u00e9t\u00e9 prise, a-t-il indiqu\u00e9, \u00abapr\u00e8s une r\u00e9flexion approfondie, s\u00e9rieuse et responsable, tout en prenant en consid\u00e9ration [&hellip;]<\/p>\n","protected":false},"author":1760,"featured_media":0,"comment_status":"closed","ping_status":"closed","sticky":false,"template":"","format":"standard","meta":{"fifu_image_url":"","fifu_image_alt":"","footnotes":""},"categories":[73,54],"tags":[],"class_list":["post-15478","post","type-post","status-publish","format-standard","hentry","category-actualite","category-maroc"],"_links":{"self":[{"href":"https:\/\/linitiative.ca\/International\/wp-json\/wp\/v2\/posts\/15478","targetHints":{"allow":["GET"]}}],"collection":[{"href":"https:\/\/linitiative.ca\/International\/wp-json\/wp\/v2\/posts"}],"about":[{"href":"https:\/\/linitiative.ca\/International\/wp-json\/wp\/v2\/types\/post"}],"author":[{"embeddable":true,"href":"https:\/\/linitiative.ca\/International\/wp-json\/wp\/v2\/users\/1760"}],"replies":[{"embeddable":true,"href":"https:\/\/linitiative.ca\/International\/wp-json\/wp\/v2\/comments?post=15478"}],"version-history":[{"count":0,"href":"https:\/\/linitiative.ca\/International\/wp-json\/wp\/v2\/posts\/15478\/revisions"}],"wp:attachment":[{"href":"https:\/\/linitiative.ca\/International\/wp-json\/wp\/v2\/media?parent=15478"}],"wp:term":[{"taxonomy":"category","embeddable":true,"href":"https:\/\/linitiative.ca\/International\/wp-json\/wp\/v2\/categories?post=15478"},{"taxonomy":"post_tag","embeddable":true,"href":"https:\/\/linitiative.ca\/International\/wp-json\/wp\/v2\/tags?post=15478"}],"curies":[{"name":"wp","href":"https:\/\/api.w.org\/{rel}","templated":true}]}}