{"id":154781,"date":"2022-08-12T16:08:00","date_gmt":"2022-08-12T20:08:00","guid":{"rendered":"https:\/\/linitiative.ca\/International\/azza-filali-treize-aout-egalite-face-a-lheritage-juste-une-question-de-temps\/"},"modified":"2022-08-12T16:08:00","modified_gmt":"2022-08-12T20:08:00","slug":"azza-filali-treize-aout-egalite-face-a-lheritage-juste-une-question-de-temps","status":"publish","type":"post","link":"https:\/\/linitiative.ca\/International\/azza-filali-treize-aout-egalite-face-a-lheritage-juste-une-question-de-temps\/","title":{"rendered":"Azza Filali &#8211; Treize Aout, \u00e9galit\u00e9 face \u00e0 l\u2019h\u00e9ritage : juste une question de temps !"},"content":{"rendered":"<div><img decoding=\"async\" src=\"https:\/\/linitiative.ca\/International\/wp-content\/uploads\/sites\/23\/2022\/08\/1660331314_article.jpg\" alt=\"Azza Filali - Treize Aout, \u00e9galit\u00e9 face \u00e0 l\u2019h\u00e9ritage : juste une question de temps !\" align=\"left\">Tradition consacr\u00e9e : \u00e0 chaque 13 aout, remettre sur le m\u00e9tier la question de l\u2019h\u00e9ritage et de l\u2019in\u00e9galit\u00e9 entre hommes et femmes lorsqu\u2019il s\u2019agit de partager les biens parentaux. Sans lassitude, sans faux espoirs, mais avec un r\u00e9alisme teint\u00e9 d\u2019optimisme, tenter de faire le point sur l\u2019\u00e9tat actuel de cette question \u00e9pineuse.<br \/>\nPremier constat : depuis, le 25 juillet 2017, date d\u2019adoption par l\u2019ARP de la loi 58, interdisant tout type de violence \u00e0 l\u2019\u00e9gard des femmes, aucune avanc\u00e9e n\u2019a \u00e9t\u00e9 entreprise en mati\u00e8re de droits f\u00e9minins. Le 13 aout 2020, le pr\u00e9sident Kais Saied oppose au concept d\u2019\u00e9galit\u00e9 femmes-hommes, face \u00e0 l\u2019h\u00e9ritage, celui &#8230;<\/p>\n<\/div>\n<p>Auteur:<br \/>\n<a href=\"https:\/\/www.leaders.com.tn\/article\/33702-azza-filali-treize-aout-egalite-face-a-l-heritage-juste-une-question-de-temps\">Cliquez ici pour lire l&rsquo;article depuis sa source.<\/a><\/p>\n","protected":false},"excerpt":{"rendered":"<p>Tradition consacr\u00e9e : \u00e0 chaque 13 aout, remettre sur le m\u00e9tier la question de l\u2019h\u00e9ritage et de l\u2019in\u00e9galit\u00e9 entre hommes et femmes lorsqu\u2019il s\u2019agit de partager les biens parentaux. Sans lassitude, sans faux espoirs, mais avec un r\u00e9alisme teint\u00e9 d\u2019optimisme, tenter de faire le point sur l\u2019\u00e9tat actuel de cette question \u00e9pineuse. Premier constat : [&hellip;]<\/p>\n","protected":false},"author":1772,"featured_media":0,"comment_status":"closed","ping_status":"closed","sticky":false,"template":"","format":"standard","meta":{"fifu_image_url":"http:\/\/www.leaders.com.tn\/uploads\/content\/thumbnails_small\/1660331314_article.jpg","fifu_image_alt":"Azza Filali - Treize Aout, \u00e9galit\u00e9 face \u00e0 l\u2019h\u00e9ritage : juste une question de temps !","footnotes":""},"categories":[73,55],"tags":[],"class_list":["post-154781","post","type-post","status-publish","format-standard","hentry","category-actualite","category-tunisie"],"_links":{"self":[{"href":"https:\/\/linitiative.ca\/International\/wp-json\/wp\/v2\/posts\/154781","targetHints":{"allow":["GET"]}}],"collection":[{"href":"https:\/\/linitiative.ca\/International\/wp-json\/wp\/v2\/posts"}],"about":[{"href":"https:\/\/linitiative.ca\/International\/wp-json\/wp\/v2\/types\/post"}],"author":[{"embeddable":true,"href":"https:\/\/linitiative.ca\/International\/wp-json\/wp\/v2\/users\/1772"}],"replies":[{"embeddable":true,"href":"https:\/\/linitiative.ca\/International\/wp-json\/wp\/v2\/comments?post=154781"}],"version-history":[{"count":0,"href":"https:\/\/linitiative.ca\/International\/wp-json\/wp\/v2\/posts\/154781\/revisions"}],"wp:attachment":[{"href":"https:\/\/linitiative.ca\/International\/wp-json\/wp\/v2\/media?parent=154781"}],"wp:term":[{"taxonomy":"category","embeddable":true,"href":"https:\/\/linitiative.ca\/International\/wp-json\/wp\/v2\/categories?post=154781"},{"taxonomy":"post_tag","embeddable":true,"href":"https:\/\/linitiative.ca\/International\/wp-json\/wp\/v2\/tags?post=154781"}],"curies":[{"name":"wp","href":"https:\/\/api.w.org\/{rel}","templated":true}]}}