{"id":154791,"date":"2022-08-12T15:17:00","date_gmt":"2022-08-12T19:17:00","guid":{"rendered":"https:\/\/linitiative.ca\/International\/tunisie-hammamet-le-parquet-enquete-sur-la-mort-subite-dun-adolescent-dans-la-piscine-dun-hotel\/"},"modified":"2022-08-12T15:17:00","modified_gmt":"2022-08-12T19:17:00","slug":"tunisie-hammamet-le-parquet-enquete-sur-la-mort-subite-dun-adolescent-dans-la-piscine-dun-hotel","status":"publish","type":"post","link":"https:\/\/linitiative.ca\/International\/tunisie-hammamet-le-parquet-enquete-sur-la-mort-subite-dun-adolescent-dans-la-piscine-dun-hotel\/","title":{"rendered":"Tunisie \u2013 Hammamet\u00a0: Le parquet enqu\u00eate sur la mort subite d\u2019un adolescent dans la piscine d\u2019un h\u00f4tel"},"content":{"rendered":"<div>\n<p>Un adolescent s\u2019est noy\u00e9, ce vendredi, dans la piscine d\u2019un h\u00f4tel \u00e0 Hammamet, apr\u00e8s avoir perdu connaissance. Les tentatives de le r\u00e9animer ont \u00e9t\u00e9 vaines et il semble avoir eu une crise cardiaque. La d\u00e9pouille a \u00e9t\u00e9 adress\u00e9e \u00e0 l\u2019h\u00f4pital de Nabeul pour autopsie, et le parquet a ouvert une enqu\u00eate pour d\u00e9terminer s\u2019il n\u2019y [\u2026]<\/p>\n<p>L\u2019article <a href=\"https:\/\/www.tunisienumerique.com\/tunisie-hammamet-le-parquet-enquete-sur-la-mort-subite-dun-adolescent-dans-la-piscine-dun-hotel\/\">Tunisie \u2013 Hammamet\u00a0: Le parquet enqu\u00eate sur la mort subite d\u2019un adolescent dans la piscine d\u2019un h\u00f4tel<\/a> est apparu en premier sur <a href=\"https:\/\/www.tunisienumerique.com\/\">Tunisie<\/a>.<\/p>\n<\/div>\n<p>Auteur: LM<br \/>\n<a href=\"https:\/\/www.tunisienumerique.com\/tunisie-hammamet-le-parquet-enquete-sur-la-mort-subite-dun-adolescent-dans-la-piscine-dun-hotel\/\">Cliquez ici pour lire l&rsquo;article depuis sa source.<\/a><\/p>\n","protected":false},"excerpt":{"rendered":"<p>Un adolescent s\u2019est noy\u00e9, ce vendredi, dans la piscine d\u2019un h\u00f4tel \u00e0 Hammamet, apr\u00e8s avoir perdu connaissance. Les tentatives de le r\u00e9animer ont \u00e9t\u00e9 vaines et il semble avoir eu une crise cardiaque. La d\u00e9pouille a \u00e9t\u00e9 adress\u00e9e \u00e0 l\u2019h\u00f4pital de Nabeul pour autopsie, et le parquet a ouvert une enqu\u00eate pour d\u00e9terminer s\u2019il n\u2019y [&hellip;]<\/p>\n","protected":false},"author":1789,"featured_media":0,"comment_status":"closed","ping_status":"closed","sticky":false,"template":"","format":"standard","meta":{"fifu_image_url":"","fifu_image_alt":"","footnotes":""},"categories":[73,55],"tags":[],"class_list":["post-154791","post","type-post","status-publish","format-standard","hentry","category-actualite","category-tunisie"],"_links":{"self":[{"href":"https:\/\/linitiative.ca\/International\/wp-json\/wp\/v2\/posts\/154791","targetHints":{"allow":["GET"]}}],"collection":[{"href":"https:\/\/linitiative.ca\/International\/wp-json\/wp\/v2\/posts"}],"about":[{"href":"https:\/\/linitiative.ca\/International\/wp-json\/wp\/v2\/types\/post"}],"author":[{"embeddable":true,"href":"https:\/\/linitiative.ca\/International\/wp-json\/wp\/v2\/users\/1789"}],"replies":[{"embeddable":true,"href":"https:\/\/linitiative.ca\/International\/wp-json\/wp\/v2\/comments?post=154791"}],"version-history":[{"count":0,"href":"https:\/\/linitiative.ca\/International\/wp-json\/wp\/v2\/posts\/154791\/revisions"}],"wp:attachment":[{"href":"https:\/\/linitiative.ca\/International\/wp-json\/wp\/v2\/media?parent=154791"}],"wp:term":[{"taxonomy":"category","embeddable":true,"href":"https:\/\/linitiative.ca\/International\/wp-json\/wp\/v2\/categories?post=154791"},{"taxonomy":"post_tag","embeddable":true,"href":"https:\/\/linitiative.ca\/International\/wp-json\/wp\/v2\/tags?post=154791"}],"curies":[{"name":"wp","href":"https:\/\/api.w.org\/{rel}","templated":true}]}}