{"id":154792,"date":"2022-08-12T15:22:22","date_gmt":"2022-08-12T19:22:22","guid":{"rendered":"https:\/\/linitiative.ca\/International\/arabie-saoudite-un-terroriste-recherche-se-fait-sauter-avec-une-ceinture-explosive\/"},"modified":"2022-08-12T15:22:22","modified_gmt":"2022-08-12T19:22:22","slug":"arabie-saoudite-un-terroriste-recherche-se-fait-sauter-avec-une-ceinture-explosive","status":"publish","type":"post","link":"https:\/\/linitiative.ca\/International\/arabie-saoudite-un-terroriste-recherche-se-fait-sauter-avec-une-ceinture-explosive\/","title":{"rendered":"Arabie Saoudite\u00a0: Un terroriste recherch\u00e9 se fait sauter avec une ceinture explosive"},"content":{"rendered":"<div>\n<p>Un terroriste recherch\u00e9 par les autorit\u00e9s saoudiennes, s\u2019est fait sauter, ce vendredi, dans un quartier de Djeddah, alors que les agents de l\u2019ordre l\u2019avaient encercl\u00e9 et allaient le capturer. Il a, alors, actionn\u00e9 son dispositif, se tuant sur le coup, et blessant un passant de nationalit\u00e9 pakistanaise, et trois policiers.<\/p>\n<p>L\u2019article <a href=\"https:\/\/www.tunisienumerique.com\/arabie-saoudite-un-terroriste-recherche-se-fait-sauter-avec-une-ceinture-explosive\/\">Arabie Saoudite\u00a0: Un terroriste recherch\u00e9 se fait sauter avec une ceinture explosive<\/a> est apparu en premier sur <a href=\"https:\/\/www.tunisienumerique.com\/\">Tunisie<\/a>.<\/p>\n<\/div>\n<p>Auteur: LM<br \/>\n<a href=\"https:\/\/www.tunisienumerique.com\/arabie-saoudite-un-terroriste-recherche-se-fait-sauter-avec-une-ceinture-explosive\/\">Cliquez ici pour lire l&rsquo;article depuis sa source.<\/a><\/p>\n","protected":false},"excerpt":{"rendered":"<p>Un terroriste recherch\u00e9 par les autorit\u00e9s saoudiennes, s\u2019est fait sauter, ce vendredi, dans un quartier de Djeddah, alors que les agents de l\u2019ordre l\u2019avaient encercl\u00e9 et allaient le capturer. Il a, alors, actionn\u00e9 son dispositif, se tuant sur le coup, et blessant un passant de nationalit\u00e9 pakistanaise, et trois policiers. L\u2019article Arabie Saoudite\u00a0: Un terroriste [&hellip;]<\/p>\n","protected":false},"author":1789,"featured_media":0,"comment_status":"closed","ping_status":"closed","sticky":false,"template":"","format":"standard","meta":{"fifu_image_url":"","fifu_image_alt":"","footnotes":""},"categories":[73,55],"tags":[],"class_list":["post-154792","post","type-post","status-publish","format-standard","hentry","category-actualite","category-tunisie"],"_links":{"self":[{"href":"https:\/\/linitiative.ca\/International\/wp-json\/wp\/v2\/posts\/154792","targetHints":{"allow":["GET"]}}],"collection":[{"href":"https:\/\/linitiative.ca\/International\/wp-json\/wp\/v2\/posts"}],"about":[{"href":"https:\/\/linitiative.ca\/International\/wp-json\/wp\/v2\/types\/post"}],"author":[{"embeddable":true,"href":"https:\/\/linitiative.ca\/International\/wp-json\/wp\/v2\/users\/1789"}],"replies":[{"embeddable":true,"href":"https:\/\/linitiative.ca\/International\/wp-json\/wp\/v2\/comments?post=154792"}],"version-history":[{"count":0,"href":"https:\/\/linitiative.ca\/International\/wp-json\/wp\/v2\/posts\/154792\/revisions"}],"wp:attachment":[{"href":"https:\/\/linitiative.ca\/International\/wp-json\/wp\/v2\/media?parent=154792"}],"wp:term":[{"taxonomy":"category","embeddable":true,"href":"https:\/\/linitiative.ca\/International\/wp-json\/wp\/v2\/categories?post=154792"},{"taxonomy":"post_tag","embeddable":true,"href":"https:\/\/linitiative.ca\/International\/wp-json\/wp\/v2\/tags?post=154792"}],"curies":[{"name":"wp","href":"https:\/\/api.w.org\/{rel}","templated":true}]}}