{"id":154793,"date":"2022-08-12T15:23:04","date_gmt":"2022-08-12T19:23:04","guid":{"rendered":"https:\/\/linitiative.ca\/International\/foot-europeen-programme-tv-des-matches-du-samedi\/"},"modified":"2022-08-12T15:23:04","modified_gmt":"2022-08-12T19:23:04","slug":"foot-europeen-programme-tv-des-matches-du-samedi","status":"publish","type":"post","link":"https:\/\/linitiative.ca\/International\/foot-europeen-programme-tv-des-matches-du-samedi\/","title":{"rendered":"Foot Europ\u00e9en : Programme TV des matches du samedi"},"content":{"rendered":"<div>\n<p>Pour le compte de la 2\u00e8me journ\u00e9e de Ligue 1 Uber Eats, le PSG re\u00e7oit Montpellier avec l\u2019international tunisien Wahbi Khazri, ce samedi 13 ao\u00fbt \u00e0 20h00 (HT) au Parc des Princes. En Allemagne, RB Leipzig accueillera K\u00f6ln FC avec son milieu international tunisien Ellyes Skhiri. Ci-apr\u00e8s le programme TV d\u00e9taill\u00e9 des principales affiches qui [\u2026]<\/p>\n<p>L\u2019article <a href=\"https:\/\/sport.tunisienumerique.com\/foot-europeen-programme-tv-des-matches-du-samedi\/\">Foot Europ\u00e9en : Programme TV des matches du samedi<\/a> est apparu en premier sur <a href=\"https:\/\/www.tunisienumerique.com\/\">Tunisie<\/a>.<\/p>\n<\/div>\n<p>Auteur: Hamza Ben Khlifa<br \/>\n<a href=\"https:\/\/sport.tunisienumerique.com\/foot-europeen-programme-tv-des-matches-du-samedi\/\">Cliquez ici pour lire l&rsquo;article depuis sa source.<\/a><\/p>\n","protected":false},"excerpt":{"rendered":"<p>Pour le compte de la 2\u00e8me journ\u00e9e de Ligue 1 Uber Eats, le PSG re\u00e7oit Montpellier avec l\u2019international tunisien Wahbi Khazri, ce samedi 13 ao\u00fbt \u00e0 20h00 (HT) au Parc des Princes. En Allemagne, RB Leipzig accueillera K\u00f6ln FC avec son milieu international tunisien Ellyes Skhiri. Ci-apr\u00e8s le programme TV d\u00e9taill\u00e9 des principales affiches qui [&hellip;]<\/p>\n","protected":false},"author":1789,"featured_media":0,"comment_status":"closed","ping_status":"closed","sticky":false,"template":"","format":"standard","meta":{"fifu_image_url":"","fifu_image_alt":"","footnotes":""},"categories":[73,55],"tags":[],"class_list":["post-154793","post","type-post","status-publish","format-standard","hentry","category-actualite","category-tunisie"],"_links":{"self":[{"href":"https:\/\/linitiative.ca\/International\/wp-json\/wp\/v2\/posts\/154793","targetHints":{"allow":["GET"]}}],"collection":[{"href":"https:\/\/linitiative.ca\/International\/wp-json\/wp\/v2\/posts"}],"about":[{"href":"https:\/\/linitiative.ca\/International\/wp-json\/wp\/v2\/types\/post"}],"author":[{"embeddable":true,"href":"https:\/\/linitiative.ca\/International\/wp-json\/wp\/v2\/users\/1789"}],"replies":[{"embeddable":true,"href":"https:\/\/linitiative.ca\/International\/wp-json\/wp\/v2\/comments?post=154793"}],"version-history":[{"count":0,"href":"https:\/\/linitiative.ca\/International\/wp-json\/wp\/v2\/posts\/154793\/revisions"}],"wp:attachment":[{"href":"https:\/\/linitiative.ca\/International\/wp-json\/wp\/v2\/media?parent=154793"}],"wp:term":[{"taxonomy":"category","embeddable":true,"href":"https:\/\/linitiative.ca\/International\/wp-json\/wp\/v2\/categories?post=154793"},{"taxonomy":"post_tag","embeddable":true,"href":"https:\/\/linitiative.ca\/International\/wp-json\/wp\/v2\/tags?post=154793"}],"curies":[{"name":"wp","href":"https:\/\/api.w.org\/{rel}","templated":true}]}}