{"id":154794,"date":"2022-08-12T15:27:55","date_gmt":"2022-08-12T19:27:55","guid":{"rendered":"https:\/\/linitiative.ca\/International\/le-royaume-uni-declare-officiellement-letat-de-secheresse\/"},"modified":"2022-08-12T15:27:55","modified_gmt":"2022-08-12T19:27:55","slug":"le-royaume-uni-declare-officiellement-letat-de-secheresse","status":"publish","type":"post","link":"https:\/\/linitiative.ca\/International\/le-royaume-uni-declare-officiellement-letat-de-secheresse\/","title":{"rendered":"Le Royaume Uni d\u00e9clare officiellement l\u2019\u00e9tat de s\u00e9cheresse"},"content":{"rendered":"<div>\n<p>Le gouvernement britannique a d\u00e9clar\u00e9, ce vendredi, qu\u2019il est officiellement, sans un \u00e9tat de s\u00e9cheresse. Le ministre britannique des eaux a pr\u00e9cis\u00e9 que plusieurs r\u00e9gions du pays, notamment au sud, \u00e0 l\u2019est et au centre du pays souffrent d\u2019une s\u00e9cheresse avanc\u00e9e. Il a, n\u00e9anmoins, rassur\u00e9 que le ravitaillement en eau, des citoyens.<\/p>\n<p>L\u2019article <a href=\"https:\/\/www.tunisienumerique.com\/le-royaume-uni-declare-officiellement-letat-de-secheresse\/\">Le Royaume Uni d\u00e9clare officiellement l\u2019\u00e9tat de s\u00e9cheresse<\/a> est apparu en premier sur <a href=\"https:\/\/www.tunisienumerique.com\/\">Tunisie<\/a>.<\/p>\n<\/div>\n<p>Auteur: LM<br \/>\n<a href=\"https:\/\/www.tunisienumerique.com\/le-royaume-uni-declare-officiellement-letat-de-secheresse\/\">Cliquez ici pour lire l&rsquo;article depuis sa source.<\/a><\/p>\n","protected":false},"excerpt":{"rendered":"<p>Le gouvernement britannique a d\u00e9clar\u00e9, ce vendredi, qu\u2019il est officiellement, sans un \u00e9tat de s\u00e9cheresse. Le ministre britannique des eaux a pr\u00e9cis\u00e9 que plusieurs r\u00e9gions du pays, notamment au sud, \u00e0 l\u2019est et au centre du pays souffrent d\u2019une s\u00e9cheresse avanc\u00e9e. Il a, n\u00e9anmoins, rassur\u00e9 que le ravitaillement en eau, des citoyens. L\u2019article Le Royaume [&hellip;]<\/p>\n","protected":false},"author":1789,"featured_media":0,"comment_status":"closed","ping_status":"closed","sticky":false,"template":"","format":"standard","meta":{"fifu_image_url":"","fifu_image_alt":"","footnotes":""},"categories":[73,55],"tags":[],"class_list":["post-154794","post","type-post","status-publish","format-standard","hentry","category-actualite","category-tunisie"],"_links":{"self":[{"href":"https:\/\/linitiative.ca\/International\/wp-json\/wp\/v2\/posts\/154794","targetHints":{"allow":["GET"]}}],"collection":[{"href":"https:\/\/linitiative.ca\/International\/wp-json\/wp\/v2\/posts"}],"about":[{"href":"https:\/\/linitiative.ca\/International\/wp-json\/wp\/v2\/types\/post"}],"author":[{"embeddable":true,"href":"https:\/\/linitiative.ca\/International\/wp-json\/wp\/v2\/users\/1789"}],"replies":[{"embeddable":true,"href":"https:\/\/linitiative.ca\/International\/wp-json\/wp\/v2\/comments?post=154794"}],"version-history":[{"count":0,"href":"https:\/\/linitiative.ca\/International\/wp-json\/wp\/v2\/posts\/154794\/revisions"}],"wp:attachment":[{"href":"https:\/\/linitiative.ca\/International\/wp-json\/wp\/v2\/media?parent=154794"}],"wp:term":[{"taxonomy":"category","embeddable":true,"href":"https:\/\/linitiative.ca\/International\/wp-json\/wp\/v2\/categories?post=154794"},{"taxonomy":"post_tag","embeddable":true,"href":"https:\/\/linitiative.ca\/International\/wp-json\/wp\/v2\/tags?post=154794"}],"curies":[{"name":"wp","href":"https:\/\/api.w.org\/{rel}","templated":true}]}}