{"id":154795,"date":"2022-08-12T15:33:26","date_gmt":"2022-08-12T19:33:26","guid":{"rendered":"https:\/\/linitiative.ca\/International\/tunisie-sidi-bouzid-deces-dune-ouvriere-agricole-dans-le-renversement-dune-camionnette\/"},"modified":"2022-08-12T15:33:26","modified_gmt":"2022-08-12T19:33:26","slug":"tunisie-sidi-bouzid-deces-dune-ouvriere-agricole-dans-le-renversement-dune-camionnette","status":"publish","type":"post","link":"https:\/\/linitiative.ca\/International\/tunisie-sidi-bouzid-deces-dune-ouvriere-agricole-dans-le-renversement-dune-camionnette\/","title":{"rendered":"Tunisie \u2013 Sidi Bouzid\u00a0: D\u00e9c\u00e8s d\u2019une ouvri\u00e8re agricole dans le renversement d\u2019une camionnette"},"content":{"rendered":"<div>\n<p>Une ouvri\u00e8re agricole est d\u00e9c\u00e9d\u00e9e, ce vendredi 12 ao\u00fbt, dans le renversement d\u2019une camionnette qui transportait les ouvri\u00e8res, sur la route menant de Sidi Bouzid \u00e0 Meknassi.<\/p>\n<p>L\u2019article <a href=\"https:\/\/www.tunisienumerique.com\/tunisie-sidi-bouzid-deces-dune-ouvriere-agricole-dans-le-renversement-dune-camionnette\/\">Tunisie \u2013 Sidi Bouzid\u00a0: D\u00e9c\u00e8s d\u2019une ouvri\u00e8re agricole dans le renversement d\u2019une camionnette<\/a> est apparu en premier sur <a href=\"https:\/\/www.tunisienumerique.com\/\">Tunisie<\/a>.<\/p>\n<\/div>\n<p>Auteur: LM<br \/>\n<a href=\"https:\/\/www.tunisienumerique.com\/tunisie-sidi-bouzid-deces-dune-ouvriere-agricole-dans-le-renversement-dune-camionnette\/\">Cliquez ici pour lire l&rsquo;article depuis sa source.<\/a><\/p>\n","protected":false},"excerpt":{"rendered":"<p>Une ouvri\u00e8re agricole est d\u00e9c\u00e9d\u00e9e, ce vendredi 12 ao\u00fbt, dans le renversement d\u2019une camionnette qui transportait les ouvri\u00e8res, sur la route menant de Sidi Bouzid \u00e0 Meknassi. L\u2019article Tunisie \u2013 Sidi Bouzid\u00a0: D\u00e9c\u00e8s d\u2019une ouvri\u00e8re agricole dans le renversement d\u2019une camionnette est apparu en premier sur Tunisie. Auteur: LM Cliquez ici pour lire l&rsquo;article depuis [&hellip;]<\/p>\n","protected":false},"author":1789,"featured_media":0,"comment_status":"closed","ping_status":"closed","sticky":false,"template":"","format":"standard","meta":{"fifu_image_url":"","fifu_image_alt":"","footnotes":""},"categories":[73,55],"tags":[],"class_list":["post-154795","post","type-post","status-publish","format-standard","hentry","category-actualite","category-tunisie"],"_links":{"self":[{"href":"https:\/\/linitiative.ca\/International\/wp-json\/wp\/v2\/posts\/154795","targetHints":{"allow":["GET"]}}],"collection":[{"href":"https:\/\/linitiative.ca\/International\/wp-json\/wp\/v2\/posts"}],"about":[{"href":"https:\/\/linitiative.ca\/International\/wp-json\/wp\/v2\/types\/post"}],"author":[{"embeddable":true,"href":"https:\/\/linitiative.ca\/International\/wp-json\/wp\/v2\/users\/1789"}],"replies":[{"embeddable":true,"href":"https:\/\/linitiative.ca\/International\/wp-json\/wp\/v2\/comments?post=154795"}],"version-history":[{"count":0,"href":"https:\/\/linitiative.ca\/International\/wp-json\/wp\/v2\/posts\/154795\/revisions"}],"wp:attachment":[{"href":"https:\/\/linitiative.ca\/International\/wp-json\/wp\/v2\/media?parent=154795"}],"wp:term":[{"taxonomy":"category","embeddable":true,"href":"https:\/\/linitiative.ca\/International\/wp-json\/wp\/v2\/categories?post=154795"},{"taxonomy":"post_tag","embeddable":true,"href":"https:\/\/linitiative.ca\/International\/wp-json\/wp\/v2\/tags?post=154795"}],"curies":[{"name":"wp","href":"https:\/\/api.w.org\/{rel}","templated":true}]}}